{"id":94436,"date":"2019-05-10T09:37:07","date_gmt":"2019-05-10T12:37:07","guid":{"rendered":"http:\/\/www.caririemacao.com\/1\/?p=94436"},"modified":"2019-05-10T09:37:07","modified_gmt":"2019-05-10T12:37:07","slug":"homem-suspeito-de-agredir-a-mulher-com-barra-de-ferro-e-incendiar-casa-e-preso-na-pb","status":"publish","type":"post","link":"https:\/\/www.caririemacao.com\/1\/2019\/05\/10\/homem-suspeito-de-agredir-a-mulher-com-barra-de-ferro-e-incendiar-casa-e-preso-na-pb\/","title":{"rendered":"Homem suspeito de agredir a mulher com barra de ferro e incendiar casa \u00e9 preso, na PB"},"content":{"rendered":"\n<p>Um homem suspeito de quebrar o bra\u00e7o da esposa e atear fogo na casa em que eles moravam foi preso, na tarde desta quinta-feira (9), no munic\u00edpio de Santa Rita, Grande Jo\u00e3o Pessoa, de acordo com a Pol\u00edcia Civil. O caso aconteceu no dia 13 de janeiro de 2019 e a mulher pretendia arquivar o processo nesta quinta-feira.<\/p>\n\n\n\n<p>Segundo a delegada Paula Monalisa, da Delegacia Especializada de Atendimento \u00e0 Mulher, ele \u00e9 suspeito de tr\u00e1fico de drogas, roubo e recepta\u00e7\u00e3o, al\u00e9m de j\u00e1 ter uma outra queixa da mesma v\u00edtima, relacionada a viol\u00eancia contra a mulher. O casal tem um filho.<\/p>\n\n\n\n<p>\u00c0 \u00e9poca do crime, conforme a delegada, a mulher foi levada para a delegacia de plant\u00e3o, iniciou o procedimento, recebeu o aparelho \u201cSOS Mulher\u201d, que a mantinha em contato com o Centro Integrado de Opera\u00e7\u00f5es Policiais (Ciop), e teve uma medida protetiva concedida pela Justi\u00e7a.<\/p>\n\n\n\n<p>Um mandado de pris\u00e3o foi expedido, mas o suspeito fugiu para o Rio de Janeiro e s\u00f3 retornou esta semana. A delegada informou que, nesta quinta-feira, a v\u00edtima foi at\u00e9 a Delegacia Especializada de Atendimento \u00e0 Mulher do munic\u00edpio e contou que voltou a conviver com o marido e que pretendia arquivar o processo. Contudo, Paula Monalisa informou que pediu para que a mulher levasse o marido at\u00e9 a delegacia para ser ouvido.<\/p>\n\n\n\n<p>Em depoimento, ele afirmou \u00e0 delegada que n\u00e3o quebrou o bra\u00e7o da esposa com uma barra de ferro, como a v\u00edtima tinha inicialmente relatado, mas que ele estava tentando abrir o port\u00e3o com o objeto, quando ela passou e, por isso, acabou a machucando.<\/p>\n\n\n\n<p>Entretanto, de acordo com a delegada, ele negou que o bra\u00e7o tenha quebrado e que tenha dado um tapa no rosto dela. O suspeito afirmou ainda que havia bebido e usado drogas e que n\u00e3o lembro do caso.<\/p>\n\n\n\n<p> Ap\u00f3s isso, a delegada cumpriu o mandado de pris\u00e3o e encaminhou o homem para realizar o exame de corpo de delito. Ele ser\u00e1 levado para a carceragem da Central de Pol\u00edcia Civil, onde deve aguardar a audi\u00eancia de cust\u00f3dia, que deve ocorrer nesta sexta-feira (10). <\/p>\n\n\n\n<p><\/p>\n\n\n\n<p>G1<\/p>\n","protected":false},"excerpt":{"rendered":"<p>Um homem suspeito de quebrar o bra\u00e7o da esposa e atear fogo na casa em que eles moravam foi preso, na tarde desta quinta-feira (9),&hellip; <\/p>\n","protected":false},"author":1,"featured_media":89565,"comment_status":"closed","ping_status":"closed","sticky":false,"template":"","format":"standard","meta":{"sfsi_plus_gutenberg_text_before_share":"","sfsi_plus_gutenberg_show_text_before_share":"","sfsi_plus_gutenberg_icon_type":"","sfsi_plus_gutenberg_icon_alignemt":"","sfsi_plus_gutenburg_max_per_row":"","footnotes":""},"categories":[12],"tags":[],"class_list":["post-94436","post","type-post","status-publish","format-standard","has-post-thumbnail","hentry","category-policia"],"_links":{"self":[{"href":"https:\/\/www.caririemacao.com\/1\/wp-json\/wp\/v2\/posts\/94436","targetHints":{"allow":["GET"]}}],"collection":[{"href":"https:\/\/www.caririemacao.com\/1\/wp-json\/wp\/v2\/posts"}],"about":[{"href":"https:\/\/www.caririemacao.com\/1\/wp-json\/wp\/v2\/types\/post"}],"author":[{"embeddable":true,"href":"https:\/\/www.caririemacao.com\/1\/wp-json\/wp\/v2\/users\/1"}],"replies":[{"embeddable":true,"href":"https:\/\/www.caririemacao.com\/1\/wp-json\/wp\/v2\/comments?post=94436"}],"version-history":[{"count":1,"href":"https:\/\/www.caririemacao.com\/1\/wp-json\/wp\/v2\/posts\/94436\/revisions"}],"predecessor-version":[{"id":94437,"href":"https:\/\/www.caririemacao.com\/1\/wp-json\/wp\/v2\/posts\/94436\/revisions\/94437"}],"wp:featuredmedia":[{"embeddable":true,"href":"https:\/\/www.caririemacao.com\/1\/wp-json\/wp\/v2\/media\/89565"}],"wp:attachment":[{"href":"https:\/\/www.caririemacao.com\/1\/wp-json\/wp\/v2\/media?parent=94436"}],"wp:term":[{"taxonomy":"category","embeddable":true,"href":"https:\/\/www.caririemacao.com\/1\/wp-json\/wp\/v2\/categories?post=94436"},{"taxonomy":"post_tag","embeddable":true,"href":"https:\/\/www.caririemacao.com\/1\/wp-json\/wp\/v2\/tags?post=94436"}],"curies":[{"name":"wp","href":"https:\/\/api.w.org\/{rel}","templated":true}]}}