{"id":94438,"date":"2019-05-10T09:41:06","date_gmt":"2019-05-10T12:41:06","guid":{"rendered":"http:\/\/www.caririemacao.com\/1\/?p=94438"},"modified":"2019-05-10T09:41:06","modified_gmt":"2019-05-10T12:41:06","slug":"mae-foge-apos-parto-e-abandona-bebe-no-hospital-regional-de-guarabira-na-pb","status":"publish","type":"post","link":"https:\/\/www.caririemacao.com\/1\/2019\/05\/10\/mae-foge-apos-parto-e-abandona-bebe-no-hospital-regional-de-guarabira-na-pb\/","title":{"rendered":"M\u00e3e foge ap\u00f3s parto e abandona beb\u00ea no Hospital Regional de Guarabira, na PB"},"content":{"rendered":"\n<p>Uma mulher de 23 anos de idade fugiu ap\u00f3s um parto e deixou o beb\u00ea abandonado no Hospital Regional de Guarabira, no Brejo paraibano. O parto aconteceu na ter\u00e7a-feira (7) e ela fugiu da unidade de sa\u00fade na tarde desta quinta-feira (9). O pai foi procurado, mas teria negado assumir a crian\u00e7a, segundo o Conselho Tutelar.<\/p>\n\n\n\n<p>As informa\u00e7\u00f5es foram confirmadas pela assessoria de imprensa do Hospital Regional e pelo Conselho Tutelar. A Pol\u00edcia Civil foi acionada e a mulher est\u00e1 sendo procurada. De acordo com a unidade de sa\u00fade, a mulher fugiu por volta de 13h, ap\u00f3s pedir pra ir ao banheiro e sair por uma janela.<\/p>\n\n\n\n<p>A crian\u00e7a, que \u00e9 uma menina, est\u00e1 internada na unidade neonatal do Hospital Regional de Guarabira, pois nasceu abaixo do peso ideal. Segundo a unidade de sa\u00fade, a m\u00e3e tamb\u00e9m estava se recusando a amamentar a filha.<\/p>\n\n\n\n<p>A mulher \u00e9 natural da cidade de Ara\u00e7agi e havia feito um parto normal na ter\u00e7a-feira. O Hospital Regional tamb\u00e9m informou que foi comunicado pelo Conselho Tutelar de Ara\u00e7agi. Segundo a conselheira Adriana Sousa, a mulher de 23 anos j\u00e1 teve outra filha h\u00e1 2 anos que foi levada para um abrigo e hoje \u00e9 adotada por um casal.<\/p>\n\n\n\n<p>Ainda de acordo com a assessoria do hospital, o pai foi encontrado, mas teria informado \u00e0 equipe m\u00e9dica de que n\u00e3o queria assumir a crian\u00e7a que \u201cpreferia deixar ela no hospital\u201d. O Conselho Tutelar de Ara\u00e7agi tamb\u00e9m informou que o casal tem hist\u00f3rico de uso de drogas, o que j\u00e1 teria motivado a interna\u00e7\u00e3o da primeira filha no orfanato.<\/p>\n\n\n\n<p>O Conselho Tutelar de Ara\u00e7agi informou que j\u00e1 est\u00e1 preparando um relat\u00f3rio que vai ser encaminhado ao Minist\u00e9rio P\u00fablico da Para\u00edba (MPPB), tamb\u00e9m pedido uma instaura\u00e7\u00e3o por abandono de incapaz, j\u00e1 que m\u00e3e fugiu do hospital. No relat\u00f3rio tamb\u00e9m est\u00e1 sendo informado o hist\u00f3rico da primeira filha que j\u00e1 foi encaminhada para ado\u00e7\u00e3o.<\/p>\n\n\n\n<p><\/p>\n\n\n\n<p>G1<\/p>\n","protected":false},"excerpt":{"rendered":"<p>Uma mulher de 23 anos de idade fugiu ap\u00f3s um parto e deixou o beb\u00ea abandonado no Hospital Regional de Guarabira, no Brejo paraibano. O&hellip; <\/p>\n","protected":false},"author":1,"featured_media":86019,"comment_status":"closed","ping_status":"closed","sticky":false,"template":"","format":"standard","meta":{"sfsi_plus_gutenberg_text_before_share":"","sfsi_plus_gutenberg_show_text_before_share":"","sfsi_plus_gutenberg_icon_type":"","sfsi_plus_gutenberg_icon_alignemt":"","sfsi_plus_gutenburg_max_per_row":"","footnotes":""},"categories":[12],"tags":[],"class_list":["post-94438","post","type-post","status-publish","format-standard","has-post-thumbnail","hentry","category-policia"],"_links":{"self":[{"href":"https:\/\/www.caririemacao.com\/1\/wp-json\/wp\/v2\/posts\/94438","targetHints":{"allow":["GET"]}}],"collection":[{"href":"https:\/\/www.caririemacao.com\/1\/wp-json\/wp\/v2\/posts"}],"about":[{"href":"https:\/\/www.caririemacao.com\/1\/wp-json\/wp\/v2\/types\/post"}],"author":[{"embeddable":true,"href":"https:\/\/www.caririemacao.com\/1\/wp-json\/wp\/v2\/users\/1"}],"replies":[{"embeddable":true,"href":"https:\/\/www.caririemacao.com\/1\/wp-json\/wp\/v2\/comments?post=94438"}],"version-history":[{"count":1,"href":"https:\/\/www.caririemacao.com\/1\/wp-json\/wp\/v2\/posts\/94438\/revisions"}],"predecessor-version":[{"id":94439,"href":"https:\/\/www.caririemacao.com\/1\/wp-json\/wp\/v2\/posts\/94438\/revisions\/94439"}],"wp:featuredmedia":[{"embeddable":true,"href":"https:\/\/www.caririemacao.com\/1\/wp-json\/wp\/v2\/media\/86019"}],"wp:attachment":[{"href":"https:\/\/www.caririemacao.com\/1\/wp-json\/wp\/v2\/media?parent=94438"}],"wp:term":[{"taxonomy":"category","embeddable":true,"href":"https:\/\/www.caririemacao.com\/1\/wp-json\/wp\/v2\/categories?post=94438"},{"taxonomy":"post_tag","embeddable":true,"href":"https:\/\/www.caririemacao.com\/1\/wp-json\/wp\/v2\/tags?post=94438"}],"curies":[{"name":"wp","href":"https:\/\/api.w.org\/{rel}","templated":true}]}}