{"id":94442,"date":"2019-05-10T09:49:46","date_gmt":"2019-05-10T12:49:46","guid":{"rendered":"http:\/\/www.caririemacao.com\/1\/?p=94442"},"modified":"2019-05-10T09:49:46","modified_gmt":"2019-05-10T12:49:46","slug":"adolescente-e-apreendido-por-fazer-familia-refem-apos-sofrer-tentativa-de-homicidio-na-pb","status":"publish","type":"post","link":"https:\/\/www.caririemacao.com\/1\/2019\/05\/10\/adolescente-e-apreendido-por-fazer-familia-refem-apos-sofrer-tentativa-de-homicidio-na-pb\/","title":{"rendered":"Adolescente \u00e9 apreendido por fazer fam\u00edlia ref\u00e9m ap\u00f3s sofrer tentativa de homic\u00eddio, na PB"},"content":{"rendered":"\n<p>Um adolescente foi apreendido ap\u00f3s sofrer uma tentativa de homic\u00eddio e, na fuga, fazer uma fam\u00edlia ref\u00e9m, na tarde desta quinta-feira, no bairro do Cruzeiro, em Campina Grande. O suspeito foi baleado no bra\u00e7o e invadiu uma casa exigindo ajuda e amea\u00e7ando a fam\u00edlia.<\/p>\n\n\n\n<p>Segundo o cabo Fernandes, que participou da a\u00e7\u00e3o, por volta das 15h30 da tarde desta quinta-feira (9), o CIOP recebeu a informa\u00e7\u00e3o de que um suspeito teria invadido uma resid\u00eancia e feito a fam\u00edlia de ref\u00e9m. A pol\u00edcia foi acionada, e ao chegar no local, o suspeito tinha acabado de sair.<\/p>\n\n\n\n<p>De acordo com o relato da fam\u00edlia \u00e0 pol\u00edcia, o suspeito teria chegado na resid\u00eancia com o bra\u00e7o direito baleado e invadiu a casa exigindo ajuda e amea\u00e7ando-os. Logo depois ele pediu dinheiro, roupas e os obrigou a chamar um servi\u00e7o de motot\u00e1xi.<\/p>\n\n\n\n<p>Ainda de acordo com informa\u00e7\u00e3o da pol\u00edcia, o suspeito teria fugido no motot\u00e1xi para casa de um amigo, aonde deixou a arma e seguiu para o Hospital de Trauma de Campina Grande para tratar do ferimento de tiro.<\/p>\n\n\n\n<p>O suspeito foi apreendido no hospital e encontra-se \u00e0 disposi\u00e7\u00e3o da Justi\u00e7a na Central de Pol\u00edcia de Campina Grande. Ele j\u00e1 havia sido apreendido por outros crimes na semana passada.<\/p>\n\n\n\n<p><\/p>\n\n\n\n<p>G1<\/p>\n","protected":false},"excerpt":{"rendered":"<p>Um adolescente foi apreendido ap\u00f3s sofrer uma tentativa de homic\u00eddio e, na fuga, fazer uma fam\u00edlia ref\u00e9m, na tarde desta quinta-feira, no bairro do Cruzeiro,&hellip; <\/p>\n","protected":false},"author":1,"featured_media":69131,"comment_status":"closed","ping_status":"closed","sticky":false,"template":"","format":"standard","meta":{"sfsi_plus_gutenberg_text_before_share":"","sfsi_plus_gutenberg_show_text_before_share":"","sfsi_plus_gutenberg_icon_type":"","sfsi_plus_gutenberg_icon_alignemt":"","sfsi_plus_gutenburg_max_per_row":"","footnotes":""},"categories":[50,12],"tags":[],"class_list":["post-94442","post","type-post","status-publish","format-standard","has-post-thumbnail","hentry","category-destaque","category-policia"],"_links":{"self":[{"href":"https:\/\/www.caririemacao.com\/1\/wp-json\/wp\/v2\/posts\/94442","targetHints":{"allow":["GET"]}}],"collection":[{"href":"https:\/\/www.caririemacao.com\/1\/wp-json\/wp\/v2\/posts"}],"about":[{"href":"https:\/\/www.caririemacao.com\/1\/wp-json\/wp\/v2\/types\/post"}],"author":[{"embeddable":true,"href":"https:\/\/www.caririemacao.com\/1\/wp-json\/wp\/v2\/users\/1"}],"replies":[{"embeddable":true,"href":"https:\/\/www.caririemacao.com\/1\/wp-json\/wp\/v2\/comments?post=94442"}],"version-history":[{"count":1,"href":"https:\/\/www.caririemacao.com\/1\/wp-json\/wp\/v2\/posts\/94442\/revisions"}],"predecessor-version":[{"id":94443,"href":"https:\/\/www.caririemacao.com\/1\/wp-json\/wp\/v2\/posts\/94442\/revisions\/94443"}],"wp:featuredmedia":[{"embeddable":true,"href":"https:\/\/www.caririemacao.com\/1\/wp-json\/wp\/v2\/media\/69131"}],"wp:attachment":[{"href":"https:\/\/www.caririemacao.com\/1\/wp-json\/wp\/v2\/media?parent=94442"}],"wp:term":[{"taxonomy":"category","embeddable":true,"href":"https:\/\/www.caririemacao.com\/1\/wp-json\/wp\/v2\/categories?post=94442"},{"taxonomy":"post_tag","embeddable":true,"href":"https:\/\/www.caririemacao.com\/1\/wp-json\/wp\/v2\/tags?post=94442"}],"curies":[{"name":"wp","href":"https:\/\/api.w.org\/{rel}","templated":true}]}}