{"id":94444,"date":"2019-05-10T09:55:36","date_gmt":"2019-05-10T12:55:36","guid":{"rendered":"http:\/\/www.caririemacao.com\/1\/?p=94444"},"modified":"2019-05-10T12:56:15","modified_gmt":"2019-05-10T15:56:15","slug":"apos-bebedeira-homem-fere-enteada-com-faca-em-monteiro","status":"publish","type":"post","link":"https:\/\/www.caririemacao.com\/1\/2019\/05\/10\/apos-bebedeira-homem-fere-enteada-com-faca-em-monteiro\/","title":{"rendered":"Ap\u00f3s bebedeira homem fere enteada com faca em Monteiro"},"content":{"rendered":"\n<p>No final da tarde desta quinta-feira (09), uma tentativa de homic\u00eddio foi registrado no bairro do alto do cemit\u00e9rio, em Monteiro no Cariri Paraibano.<br>Informa\u00e7\u00f5es apuradas ao HORA1PB, eles estavam bebendo a m\u00e3e, filha e o padrasto, foi quando come\u00e7ou um desentendimento entre a m\u00e3e e o padrasto a filha tentou defender a m\u00e3e, &nbsp;foi quando ele ferio uma das m\u00e3o da enteada com uma faca, em seguida o acusado conseguiu fugir antes da pol\u00edcia chegar.<\/p>\n\n\n\n<p>As equipes da pol\u00edcia militar e o samu foi acionada e est\u00e3o no local<\/p>\n\n\n\n<p><strong>HORA1PB<\/strong><\/p>\n","protected":false},"excerpt":{"rendered":"<p>No final da tarde desta quinta-feira (09), uma tentativa de homic\u00eddio foi registrado no bairro do alto do cemit\u00e9rio, em Monteiro no Cariri Paraibano.Informa\u00e7\u00f5es apuradas&hellip; <\/p>\n","protected":false},"author":1,"featured_media":44546,"comment_status":"closed","ping_status":"closed","sticky":false,"template":"","format":"standard","meta":{"sfsi_plus_gutenberg_text_before_share":"","sfsi_plus_gutenberg_show_text_before_share":"","sfsi_plus_gutenberg_icon_type":"","sfsi_plus_gutenberg_icon_alignemt":"","sfsi_plus_gutenburg_max_per_row":"","footnotes":""},"categories":[50,12],"tags":[],"class_list":["post-94444","post","type-post","status-publish","format-standard","has-post-thumbnail","hentry","category-destaque","category-policia"],"_links":{"self":[{"href":"https:\/\/www.caririemacao.com\/1\/wp-json\/wp\/v2\/posts\/94444","targetHints":{"allow":["GET"]}}],"collection":[{"href":"https:\/\/www.caririemacao.com\/1\/wp-json\/wp\/v2\/posts"}],"about":[{"href":"https:\/\/www.caririemacao.com\/1\/wp-json\/wp\/v2\/types\/post"}],"author":[{"embeddable":true,"href":"https:\/\/www.caririemacao.com\/1\/wp-json\/wp\/v2\/users\/1"}],"replies":[{"embeddable":true,"href":"https:\/\/www.caririemacao.com\/1\/wp-json\/wp\/v2\/comments?post=94444"}],"version-history":[{"count":1,"href":"https:\/\/www.caririemacao.com\/1\/wp-json\/wp\/v2\/posts\/94444\/revisions"}],"predecessor-version":[{"id":94445,"href":"https:\/\/www.caririemacao.com\/1\/wp-json\/wp\/v2\/posts\/94444\/revisions\/94445"}],"wp:featuredmedia":[{"embeddable":true,"href":"https:\/\/www.caririemacao.com\/1\/wp-json\/wp\/v2\/media\/44546"}],"wp:attachment":[{"href":"https:\/\/www.caririemacao.com\/1\/wp-json\/wp\/v2\/media?parent=94444"}],"wp:term":[{"taxonomy":"category","embeddable":true,"href":"https:\/\/www.caririemacao.com\/1\/wp-json\/wp\/v2\/categories?post=94444"},{"taxonomy":"post_tag","embeddable":true,"href":"https:\/\/www.caririemacao.com\/1\/wp-json\/wp\/v2\/tags?post=94444"}],"curies":[{"name":"wp","href":"https:\/\/api.w.org\/{rel}","templated":true}]}}