{"id":94446,"date":"2019-05-10T09:59:27","date_gmt":"2019-05-10T12:59:27","guid":{"rendered":"http:\/\/www.caririemacao.com\/1\/?p=94446"},"modified":"2019-05-10T09:59:27","modified_gmt":"2019-05-10T12:59:27","slug":"alexandre-frota-assume-coordenacao-de-comissao-da-reforma-da-previdencia","status":"publish","type":"post","link":"https:\/\/www.caririemacao.com\/1\/2019\/05\/10\/alexandre-frota-assume-coordenacao-de-comissao-da-reforma-da-previdencia\/","title":{"rendered":"Alexandre Frota assume coordena\u00e7\u00e3o de comiss\u00e3o da reforma da Previd\u00eancia"},"content":{"rendered":"\n<p>O deputado federal Alexandre Frota (PSL-SP) deixou a Comiss\u00e3o de Cultura da C\u00e2mara para assumir a coordena\u00e7\u00e3o da comiss\u00e3o especial da reforma da Previd\u00eancia.<\/p>\n\n\n\n<p>A informa\u00e7\u00e3o foi revelada pela colunista M\u00f4nica Bergamo, da Folha de S.Paulo, e confirmada pelo pr\u00f3prio deputado em suas redes sociais.<\/p>\n\n\n\n<p>Frota postou uma foto na tarde desta quinta-feira junto com ju\u00edzes federais, ap\u00f3s receb\u00ea-los para discutir ideias sobre a reforma.<\/p>\n","protected":false},"excerpt":{"rendered":"<p>O deputado federal Alexandre Frota (PSL-SP) deixou a Comiss\u00e3o de Cultura da C\u00e2mara para assumir a coordena\u00e7\u00e3o da comiss\u00e3o especial da reforma da Previd\u00eancia. A&hellip; <\/p>\n","protected":false},"author":1,"featured_media":94447,"comment_status":"closed","ping_status":"closed","sticky":false,"template":"","format":"standard","meta":{"sfsi_plus_gutenberg_text_before_share":"","sfsi_plus_gutenberg_show_text_before_share":"","sfsi_plus_gutenberg_icon_type":"","sfsi_plus_gutenberg_icon_alignemt":"","sfsi_plus_gutenburg_max_per_row":"","footnotes":""},"categories":[11],"tags":[],"class_list":["post-94446","post","type-post","status-publish","format-standard","has-post-thumbnail","hentry","category-politica"],"_links":{"self":[{"href":"https:\/\/www.caririemacao.com\/1\/wp-json\/wp\/v2\/posts\/94446","targetHints":{"allow":["GET"]}}],"collection":[{"href":"https:\/\/www.caririemacao.com\/1\/wp-json\/wp\/v2\/posts"}],"about":[{"href":"https:\/\/www.caririemacao.com\/1\/wp-json\/wp\/v2\/types\/post"}],"author":[{"embeddable":true,"href":"https:\/\/www.caririemacao.com\/1\/wp-json\/wp\/v2\/users\/1"}],"replies":[{"embeddable":true,"href":"https:\/\/www.caririemacao.com\/1\/wp-json\/wp\/v2\/comments?post=94446"}],"version-history":[{"count":1,"href":"https:\/\/www.caririemacao.com\/1\/wp-json\/wp\/v2\/posts\/94446\/revisions"}],"predecessor-version":[{"id":94448,"href":"https:\/\/www.caririemacao.com\/1\/wp-json\/wp\/v2\/posts\/94446\/revisions\/94448"}],"wp:featuredmedia":[{"embeddable":true,"href":"https:\/\/www.caririemacao.com\/1\/wp-json\/wp\/v2\/media\/94447"}],"wp:attachment":[{"href":"https:\/\/www.caririemacao.com\/1\/wp-json\/wp\/v2\/media?parent=94446"}],"wp:term":[{"taxonomy":"category","embeddable":true,"href":"https:\/\/www.caririemacao.com\/1\/wp-json\/wp\/v2\/categories?post=94446"},{"taxonomy":"post_tag","embeddable":true,"href":"https:\/\/www.caririemacao.com\/1\/wp-json\/wp\/v2\/tags?post=94446"}],"curies":[{"name":"wp","href":"https:\/\/api.w.org\/{rel}","templated":true}]}}