{"id":94449,"date":"2019-05-10T10:03:15","date_gmt":"2019-05-10T13:03:15","guid":{"rendered":"http:\/\/www.caririemacao.com\/1\/?p=94449"},"modified":"2019-05-10T10:04:13","modified_gmt":"2019-05-10T13:04:13","slug":"ex-preidente-michel-temer-se-entrega-a-policia-em-sao-paulo","status":"publish","type":"post","link":"https:\/\/www.caririemacao.com\/1\/2019\/05\/10\/ex-preidente-michel-temer-se-entrega-a-policia-em-sao-paulo\/","title":{"rendered":"Ex-presidente Michel Temer se entrega \u00e0 pol\u00edcia em S\u00e3o Paulo"},"content":{"rendered":"\n<p>O ex-presidente Michel Temer, 78 anos, se entregou \u00e0 Pol\u00edcia Federal na tarde desta quinta-feira em S\u00e3o Paulo. Ele cumpre uma decis\u00e3o dada nesta quarta-feira pelo Tribunal Regional da 2\u00aa Regi\u00e3o (TRF-2), que revogou o habeas corpus que o colocou em liberdade no \u00faltimo 25 de mar\u00e7o. O ex-mandat\u00e1rio brasileiro \u00e9 acusado de receber um milh\u00e3o de reais por um contrato para a constru\u00e7\u00e3o da Usina Termonuclear de Angra 3, de onde 1,8 bilh\u00e3o teriam sido desviados, de acordo com a investiga\u00e7\u00e3o. O emedebista \u00e9 o segundo ex-presidente brasileiro a ser preso, depois de Luiz In\u00e1cio Lula da Silva (PT) que foi detido h\u00e1 quase um ano por delitos como corrup\u00e7\u00e3o e lavagem de dinheiro. Ele \u00e9 r\u00e9u, ao todo em seis investiga\u00e7\u00f5es.<\/p>\n\n\n\n<p>Temer poder\u00e1 voltar ao Rio de Janeiro para cumprir uma ordem de pris\u00e3o preventiva determinada em 21 de mar\u00e7o pelo do juiz Marcelo Bretas, que julga os casos relacionados \u00e0 Opera\u00e7\u00e3o Lava Jato no Rio. Quatro dias ap\u00f3s esta primeira decis\u00e3o, o ex-mandat\u00e1rio brasileiro foi posto em liberdade pelo desembargador Antonio Ivan Athi\u00e9.<\/p>\n\n\n\n<p>A defesa do ex-presidente pediu, entretanto, para que ele permane\u00e7a em S\u00e3o Paulo \u2014ainda n\u00e3o h\u00e1 uma decis\u00e3o sobre isso. Seus advogados haviam anunciado, na tarde de quarta-feira, que ele se entregaria nesta quinta. Durante toda a manh\u00e3, sua casa, no Alto de Pinheiros, zona oeste de S\u00e3o Paulo, foi cercada por jornalistas. Por volta de 15h, ele se apresentou \u00e0 Pol\u00edcia Federal, duas horas antes do prazo estipulado pela ju\u00edza Carolina Figueiredo, da 7\u00aa Vara Criminal do Rio de janeiro. Ele deixou sua casa em um carro preto, acompanhado por uma escolta e n\u00e3o falou com a imprensa.<\/p>\n\n\n\n<p>Na decis\u00e3o que havia determinado a deten\u00e7\u00e3o, no final de mar\u00e7o, Bretas considerou que o ex-presidente era o l\u00edder de \u201cuma organiza\u00e7\u00e3o criminosa\u201d e se baseou principalmente na dela\u00e7\u00e3o premiada de Jos\u00e9 Antunes Sobrinho, engenheiro e antigo executivo da empreiteira Engevix. Sobrinho foi preso pela Lava Jato em 2015 por ter repassado 765.000 reais de propina para o presidente da Eletronuclear, Othon Pinheiro. Ele tentou assinar um acordo de dela\u00e7\u00e3o com a for\u00e7a-tarefa da Lava Jato em Curitiba, mas ele foi rejeitado. Com a equipe do Rio de Janeiro, contudo, o acordo acabou firmado. A decis\u00e3o levou em conta desvios na opera\u00e7\u00e3o para a constru\u00e7\u00e3o da usina nuclear de Angra 3, comandada pela Eletronuclear, e o pagamento de propina feito pela Engevix para a campanha de Temer. Os esquemas, conforme a acusa\u00e7\u00e3o do Minist\u00e9rio P\u00fablico Federal e a decis\u00e3o de Bretas, foram planejados por Temer e operados pelo coronel Lima.<\/p>\n\n\n\n<p>A pris\u00e3o preventiva de Temer foi pedida porque Bretas concordou com o argumento do Minist\u00e9rio P\u00fablico de que havia risco de que o \u201cgrupo criminoso\u201d continuasse agindo \u2014al\u00e9m de Temer, foi preso na ocasi\u00e3o o ex-ministro Moreira Franco e outras oito pessoas. A deten\u00e7\u00e3o reacendeu na \u00e9poca o debate sobre o uso de pris\u00e3o preventiva pela Lava Jato, dispositivo considerado por alguns juristas como excessivo. A defesa do ex-presidente alega que ele sempre esteve \u00e0 disposi\u00e7\u00e3o da Justi\u00e7a e n\u00e3o tinha pretens\u00e3o de fugir.<\/p>\n","protected":false},"excerpt":{"rendered":"<p>O ex-presidente Michel Temer, 78 anos, se entregou \u00e0 Pol\u00edcia Federal na tarde desta quinta-feira em S\u00e3o Paulo. Ele cumpre uma decis\u00e3o dada nesta quarta-feira&hellip; <\/p>\n","protected":false},"author":1,"featured_media":89226,"comment_status":"closed","ping_status":"closed","sticky":false,"template":"","format":"standard","meta":{"sfsi_plus_gutenberg_text_before_share":"","sfsi_plus_gutenberg_show_text_before_share":"","sfsi_plus_gutenberg_icon_type":"","sfsi_plus_gutenberg_icon_alignemt":"","sfsi_plus_gutenburg_max_per_row":"","footnotes":""},"categories":[11],"tags":[],"class_list":["post-94449","post","type-post","status-publish","format-standard","has-post-thumbnail","hentry","category-politica"],"_links":{"self":[{"href":"https:\/\/www.caririemacao.com\/1\/wp-json\/wp\/v2\/posts\/94449","targetHints":{"allow":["GET"]}}],"collection":[{"href":"https:\/\/www.caririemacao.com\/1\/wp-json\/wp\/v2\/posts"}],"about":[{"href":"https:\/\/www.caririemacao.com\/1\/wp-json\/wp\/v2\/types\/post"}],"author":[{"embeddable":true,"href":"https:\/\/www.caririemacao.com\/1\/wp-json\/wp\/v2\/users\/1"}],"replies":[{"embeddable":true,"href":"https:\/\/www.caririemacao.com\/1\/wp-json\/wp\/v2\/comments?post=94449"}],"version-history":[{"count":2,"href":"https:\/\/www.caririemacao.com\/1\/wp-json\/wp\/v2\/posts\/94449\/revisions"}],"predecessor-version":[{"id":94451,"href":"https:\/\/www.caririemacao.com\/1\/wp-json\/wp\/v2\/posts\/94449\/revisions\/94451"}],"wp:featuredmedia":[{"embeddable":true,"href":"https:\/\/www.caririemacao.com\/1\/wp-json\/wp\/v2\/media\/89226"}],"wp:attachment":[{"href":"https:\/\/www.caririemacao.com\/1\/wp-json\/wp\/v2\/media?parent=94449"}],"wp:term":[{"taxonomy":"category","embeddable":true,"href":"https:\/\/www.caririemacao.com\/1\/wp-json\/wp\/v2\/categories?post=94449"},{"taxonomy":"post_tag","embeddable":true,"href":"https:\/\/www.caririemacao.com\/1\/wp-json\/wp\/v2\/tags?post=94449"}],"curies":[{"name":"wp","href":"https:\/\/api.w.org\/{rel}","templated":true}]}}