{"id":94453,"date":"2019-05-10T13:26:18","date_gmt":"2019-05-10T16:26:18","guid":{"rendered":"http:\/\/www.caririemacao.com\/1\/?p=94453"},"modified":"2019-05-10T13:26:18","modified_gmt":"2019-05-10T16:26:18","slug":"prefeitura-de-prata-divulga-primeiras-atracoes-musicais-da-7a-expoprata","status":"publish","type":"post","link":"https:\/\/www.caririemacao.com\/1\/2019\/05\/10\/prefeitura-de-prata-divulga-primeiras-atracoes-musicais-da-7a-expoprata\/","title":{"rendered":"Prefeitura de Prata divulga primeiras atra\u00e7\u00f5es musicais da 7\u00aa ExpoPrata"},"content":{"rendered":"\n<p>A Prefeitura de Prata, atrav\u00e9s do prefeito J\u00fanior N\u00f3brega, divulgou as primeiras atra\u00e7\u00f5es musicais que se apresentar\u00e3o na 7\u00aa ExpoPrata, que acontece entre os dias 20 e 25 de agosto.<\/p>\n\n\n\n<p>A banda Cavaleiros do Forr\u00f3 e cantor Niedson Lua s\u00e3o atra\u00e7\u00f5es confirmadas para Exposi\u00e7\u00e3o de Caprinos e Ovinos de Prata.<\/p>\n\n\n\n<p>J\u00fanior N\u00f3brega disse que esse ano o evento promete ser ainda maior, j\u00e1 que est\u00e1 consolidado no calend\u00e1rio de eventos da Para\u00edba.<\/p>\n","protected":false},"excerpt":{"rendered":"<p>A Prefeitura de Prata, atrav\u00e9s do prefeito J\u00fanior N\u00f3brega, divulgou as primeiras atra\u00e7\u00f5es musicais que se apresentar\u00e3o na 7\u00aa ExpoPrata, que acontece entre os dias&hellip; <\/p>\n","protected":false},"author":1,"featured_media":94454,"comment_status":"closed","ping_status":"closed","sticky":false,"template":"","format":"standard","meta":{"sfsi_plus_gutenberg_text_before_share":"","sfsi_plus_gutenberg_show_text_before_share":"","sfsi_plus_gutenberg_icon_type":"","sfsi_plus_gutenberg_icon_alignemt":"","sfsi_plus_gutenburg_max_per_row":"","footnotes":""},"categories":[50,2],"tags":[],"class_list":["post-94453","post","type-post","status-publish","format-standard","has-post-thumbnail","hentry","category-destaque","category-geral"],"_links":{"self":[{"href":"https:\/\/www.caririemacao.com\/1\/wp-json\/wp\/v2\/posts\/94453","targetHints":{"allow":["GET"]}}],"collection":[{"href":"https:\/\/www.caririemacao.com\/1\/wp-json\/wp\/v2\/posts"}],"about":[{"href":"https:\/\/www.caririemacao.com\/1\/wp-json\/wp\/v2\/types\/post"}],"author":[{"embeddable":true,"href":"https:\/\/www.caririemacao.com\/1\/wp-json\/wp\/v2\/users\/1"}],"replies":[{"embeddable":true,"href":"https:\/\/www.caririemacao.com\/1\/wp-json\/wp\/v2\/comments?post=94453"}],"version-history":[{"count":1,"href":"https:\/\/www.caririemacao.com\/1\/wp-json\/wp\/v2\/posts\/94453\/revisions"}],"predecessor-version":[{"id":94455,"href":"https:\/\/www.caririemacao.com\/1\/wp-json\/wp\/v2\/posts\/94453\/revisions\/94455"}],"wp:featuredmedia":[{"embeddable":true,"href":"https:\/\/www.caririemacao.com\/1\/wp-json\/wp\/v2\/media\/94454"}],"wp:attachment":[{"href":"https:\/\/www.caririemacao.com\/1\/wp-json\/wp\/v2\/media?parent=94453"}],"wp:term":[{"taxonomy":"category","embeddable":true,"href":"https:\/\/www.caririemacao.com\/1\/wp-json\/wp\/v2\/categories?post=94453"},{"taxonomy":"post_tag","embeddable":true,"href":"https:\/\/www.caririemacao.com\/1\/wp-json\/wp\/v2\/tags?post=94453"}],"curies":[{"name":"wp","href":"https:\/\/api.w.org\/{rel}","templated":true}]}}