{"id":94458,"date":"2019-05-10T13:29:09","date_gmt":"2019-05-10T16:29:09","guid":{"rendered":"http:\/\/www.caririemacao.com\/1\/?p=94458"},"modified":"2019-05-10T13:29:09","modified_gmt":"2019-05-10T16:29:09","slug":"lider-da-oposicao-em-monteiro-apresenta-mocao-de-aplausos-a-prefeita-anna-lorena","status":"publish","type":"post","link":"https:\/\/www.caririemacao.com\/1\/2019\/05\/10\/lider-da-oposicao-em-monteiro-apresenta-mocao-de-aplausos-a-prefeita-anna-lorena\/","title":{"rendered":"L\u00edder da oposi\u00e7\u00e3o em Monteiro apresenta Mo\u00e7\u00e3o de Aplausos a prefeita Anna Lorena"},"content":{"rendered":"\n<p>Aliado de primeira hora do deputado estadual Jo\u00e3o Henrique e da deputada federal Edna Henrique, o vereador Edilson Mendes, popularmente conhecido por \u201cCour\u00e3o\u201d, apresentou na sess\u00e3o ordin\u00e1ria da C\u00e2mara de Vereadores de Monteiro na sess\u00e3o desta quinta-feira, 9, uma Mo\u00e7\u00e3o de Aplausos a prefeita Anna Lorena pela programa\u00e7\u00e3o do S\u00e3o Jo\u00e3o de Monteiro, anunciado na noite desta quarta-feira, 8.<\/p>\n\n\n\n<p>Na Mo\u00e7\u00e3o de Aplausos, o l\u00edder oposicionista na C\u00e2mara de Vereadores de Monteiro destacou a valoriza\u00e7\u00e3o que a prefeita ofereceu aos artistas da terra diante da grandiosidade dos festejos juninos, abrindo espa\u00e7os para que todos pudessem mostrar o seu trabalho.<\/p>\n\n\n\n<p>Na solenidade de lan\u00e7amento da programa\u00e7\u00e3o do S\u00e3o Jo\u00e3o de Monteiro, o vereador l\u00edder da oposi\u00e7\u00e3o, Cour\u00e3o, prestigiou o evento e fez quest\u00e3o de acompanhar a prefeita durante a apresenta\u00e7\u00e3o das atra\u00e7\u00f5es e em todo o percurso que a prefeita Anna Lorena fez para cumprimentar os presentes ao evento.<\/p>\n\n\n\n<p>A presen\u00e7a do vereador Edilson Mendes, o Cour\u00e3o, ao lan\u00e7amento da programa\u00e7\u00e3o junina de Monteiro, e a Mo\u00e7\u00e3o de Aplausos apresentada na sess\u00e3o desta quinta-feira na C\u00e2mara de Vereadores, inclusive aprovada por unanimidade pela Casa Legislativa Municipal, mostra uma certa fragilidade do grupo oposicionista, que recentemente perdeu o apoio do ex-vereador Heleno de Amadeu.<\/p>\n","protected":false},"excerpt":{"rendered":"<p>Aliado de primeira hora do deputado estadual Jo\u00e3o Henrique e da deputada federal Edna Henrique, o vereador Edilson Mendes, popularmente conhecido por \u201cCour\u00e3o\u201d, apresentou na&hellip; <\/p>\n","protected":false},"author":1,"featured_media":94460,"comment_status":"closed","ping_status":"closed","sticky":false,"template":"","format":"standard","meta":{"sfsi_plus_gutenberg_text_before_share":"","sfsi_plus_gutenberg_show_text_before_share":"","sfsi_plus_gutenberg_icon_type":"","sfsi_plus_gutenberg_icon_alignemt":"","sfsi_plus_gutenburg_max_per_row":"","footnotes":""},"categories":[6],"tags":[],"class_list":["post-94458","post","type-post","status-publish","format-standard","has-post-thumbnail","hentry","category-cidades"],"_links":{"self":[{"href":"https:\/\/www.caririemacao.com\/1\/wp-json\/wp\/v2\/posts\/94458","targetHints":{"allow":["GET"]}}],"collection":[{"href":"https:\/\/www.caririemacao.com\/1\/wp-json\/wp\/v2\/posts"}],"about":[{"href":"https:\/\/www.caririemacao.com\/1\/wp-json\/wp\/v2\/types\/post"}],"author":[{"embeddable":true,"href":"https:\/\/www.caririemacao.com\/1\/wp-json\/wp\/v2\/users\/1"}],"replies":[{"embeddable":true,"href":"https:\/\/www.caririemacao.com\/1\/wp-json\/wp\/v2\/comments?post=94458"}],"version-history":[{"count":1,"href":"https:\/\/www.caririemacao.com\/1\/wp-json\/wp\/v2\/posts\/94458\/revisions"}],"predecessor-version":[{"id":94461,"href":"https:\/\/www.caririemacao.com\/1\/wp-json\/wp\/v2\/posts\/94458\/revisions\/94461"}],"wp:featuredmedia":[{"embeddable":true,"href":"https:\/\/www.caririemacao.com\/1\/wp-json\/wp\/v2\/media\/94460"}],"wp:attachment":[{"href":"https:\/\/www.caririemacao.com\/1\/wp-json\/wp\/v2\/media?parent=94458"}],"wp:term":[{"taxonomy":"category","embeddable":true,"href":"https:\/\/www.caririemacao.com\/1\/wp-json\/wp\/v2\/categories?post=94458"},{"taxonomy":"post_tag","embeddable":true,"href":"https:\/\/www.caririemacao.com\/1\/wp-json\/wp\/v2\/tags?post=94458"}],"curies":[{"name":"wp","href":"https:\/\/api.w.org\/{rel}","templated":true}]}}