{"id":94463,"date":"2019-05-10T13:31:38","date_gmt":"2019-05-10T16:31:38","guid":{"rendered":"http:\/\/www.caririemacao.com\/1\/?p=94463"},"modified":"2019-05-10T13:31:38","modified_gmt":"2019-05-10T16:31:38","slug":"ufcg-e-uepb-vao-se-unir-em-paralisacao-nacional-da-educacao","status":"publish","type":"post","link":"https:\/\/www.caririemacao.com\/1\/2019\/05\/10\/ufcg-e-uepb-vao-se-unir-em-paralisacao-nacional-da-educacao\/","title":{"rendered":"UFCG e UEPB v\u00e3o se unir em paralisa\u00e7\u00e3o nacional da Educa\u00e7\u00e3o"},"content":{"rendered":"\n<p>As universidades Federal de Campina Grande e Estadual da Para\u00edba ir\u00e3o participar da mobiliza\u00e7\u00e3o nacional em prol da Educa\u00e7\u00e3o, que deve ocorrer no dia 15 de maio em todo o pa\u00eds. A decis\u00e3o foi tomada hoje, 09, em assembleias realizadas pelas institui\u00e7\u00f5es.<\/p>\n\n\n\n<p>O objetivo \u00e9 pressionar o Governo Federal a respeito dos cortes de 30% nos custeios das universidades e institutos federais, al\u00e9m do corte no Fundeb e FNDE.<\/p>\n\n\n\n<p>Em entrevista \u00e0 R\u00e1dio Campina FM, a professora e presidente da Adufcg, Luciana Leandro, disse que \u00e9 importante a mobiliza\u00e7\u00e3o de toda a comunidade acad\u00eamica da UFCG, como professores e alunos, mas tamb\u00e9m de outras institui\u00e7\u00f5es p\u00fablicas e privadas que, no caso desta \u00faltima, tamb\u00e9m correm risco de ter o Financiamento Estudantil (Fies) cortado.<\/p>\n\n\n\n<p>\u2013 A ades\u00e3o \u00e0 greve nacional foi un\u00e2nime em prol da luta a favor da Educa\u00e7\u00e3o, para mostrar que a universidade p\u00fablica \u00e9 fundamental para o pa\u00eds e traz benef\u00edcio para a sociedade. N\u00e3o podemos calar diante desse ataque que tira direitos, pois os cortes v\u00e3o ser em todas as \u00e1reas, n\u00e3o s\u00f3 na superior, mas tamb\u00e9m na b\u00e1sica com cortes no FNDE e Fundeb, que chega a 42%. \u00c9 um ataque generalizado que tamb\u00e9m vai atingir os alunos de institui\u00e7\u00f5es privadas com os cortes no Fies \u2013 disse.<\/p>\n\n\n\n<p>A presidente ainda destacou que, ap\u00f3s essa paralisa\u00e7\u00e3o, outra assembleia ser\u00e1 realizada para deliberar sobre a greve da Universidade Federal de Campina Grande, j\u00e1 no pr\u00f3ximo dia 14 de junho.<\/p>\n\n\n\n<p>Em unanimidade tamb\u00e9m decidiram os professores da Universidade Estadual da Para\u00edba, que v\u00e3o tamb\u00e9m participar da paralisa\u00e7\u00e3o nacional.<\/p>\n\n\n\n<p>\u00c0 mesma R\u00e1dio, o professor e presidente da Aduepb, Nelson J\u00fanior, disse que os professores e alunos v\u00e3o estar juntos na mesma luta.<\/p>\n\n\n\n<p>\u2013 Os professores aprovaram com unanimidade e juntamente com outras institui\u00e7\u00f5es do Brasil v\u00e3o participar da greve nacional da Educa\u00e7\u00e3o. \u00c9 nosso dia de luta contra os cortes na Educa\u00e7\u00e3o e contra a reforma da Previd\u00eancia \u2013 contou.<\/p>\n\n\n\n<p>Ainda na entrevista, o sindicalista disse que na assembleia com os professores realizada hoje foram deliberadas pautas em favor dos docentes da UEPB, como a cobran\u00e7a ao governo do Estado dos cortes realizados \u00e0 institui\u00e7\u00e3o, a reposi\u00e7\u00e3o salarial dos ativos e inativos, entre outros.<\/p>\n\n\n\n<p>Outra manifesta\u00e7\u00e3o ficou marcada para ser realizada no m\u00eas de junho na Assembleia Legislativa e na frente do Pal\u00e1cio do governo, solicitando, por parte do governador Jo\u00e3o Azev\u00eado, a audi\u00eancia pedida por meio de of\u00edcio no m\u00eas de janeiro e que ainda n\u00e3o foi atendida.<\/p>\n","protected":false},"excerpt":{"rendered":"<p>As universidades Federal de Campina Grande e Estadual da Para\u00edba ir\u00e3o participar da mobiliza\u00e7\u00e3o nacional em prol da Educa\u00e7\u00e3o, que deve ocorrer no dia 15&hellip; <\/p>\n","protected":false},"author":1,"featured_media":42596,"comment_status":"closed","ping_status":"closed","sticky":false,"template":"","format":"standard","meta":{"sfsi_plus_gutenberg_text_before_share":"","sfsi_plus_gutenberg_show_text_before_share":"","sfsi_plus_gutenberg_icon_type":"","sfsi_plus_gutenberg_icon_alignemt":"","sfsi_plus_gutenburg_max_per_row":"","footnotes":""},"categories":[14],"tags":[],"class_list":["post-94463","post","type-post","status-publish","format-standard","has-post-thumbnail","hentry","category-educacao"],"_links":{"self":[{"href":"https:\/\/www.caririemacao.com\/1\/wp-json\/wp\/v2\/posts\/94463","targetHints":{"allow":["GET"]}}],"collection":[{"href":"https:\/\/www.caririemacao.com\/1\/wp-json\/wp\/v2\/posts"}],"about":[{"href":"https:\/\/www.caririemacao.com\/1\/wp-json\/wp\/v2\/types\/post"}],"author":[{"embeddable":true,"href":"https:\/\/www.caririemacao.com\/1\/wp-json\/wp\/v2\/users\/1"}],"replies":[{"embeddable":true,"href":"https:\/\/www.caririemacao.com\/1\/wp-json\/wp\/v2\/comments?post=94463"}],"version-history":[{"count":1,"href":"https:\/\/www.caririemacao.com\/1\/wp-json\/wp\/v2\/posts\/94463\/revisions"}],"predecessor-version":[{"id":94465,"href":"https:\/\/www.caririemacao.com\/1\/wp-json\/wp\/v2\/posts\/94463\/revisions\/94465"}],"wp:featuredmedia":[{"embeddable":true,"href":"https:\/\/www.caririemacao.com\/1\/wp-json\/wp\/v2\/media\/42596"}],"wp:attachment":[{"href":"https:\/\/www.caririemacao.com\/1\/wp-json\/wp\/v2\/media?parent=94463"}],"wp:term":[{"taxonomy":"category","embeddable":true,"href":"https:\/\/www.caririemacao.com\/1\/wp-json\/wp\/v2\/categories?post=94463"},{"taxonomy":"post_tag","embeddable":true,"href":"https:\/\/www.caririemacao.com\/1\/wp-json\/wp\/v2\/tags?post=94463"}],"curies":[{"name":"wp","href":"https:\/\/api.w.org\/{rel}","templated":true}]}}