{"id":94467,"date":"2019-05-10T13:34:03","date_gmt":"2019-05-10T16:34:03","guid":{"rendered":"http:\/\/www.caririemacao.com\/1\/?p=94467"},"modified":"2019-05-10T13:34:03","modified_gmt":"2019-05-10T16:34:03","slug":"policia-militar-recupera-no-cariri-carga-de-panela-roubada-em-campina-grande","status":"publish","type":"post","link":"https:\/\/www.caririemacao.com\/1\/2019\/05\/10\/policia-militar-recupera-no-cariri-carga-de-panela-roubada-em-campina-grande\/","title":{"rendered":"Pol\u00edcia Militar recupera no Cariri carga de panela roubada em Campina Grande"},"content":{"rendered":"\n<p>A Pol\u00edcia Militar recuperou no final da tarde desta quarta-feira (8) a carga de panelas roubada em Campina Grande de um caminh\u00e3o que fazia transporte para uma empresa de Catol\u00e9 do Rocha, no Sert\u00e3o do Estado. A carga foi encontrada por um morador da zona rural de Boa Vista, no Cariri paraibano.<\/p>\n\n\n\n<p>No local, os policiais encontraram 40 fardos de panelas de press\u00e3o e 12 caixas lacradas de ca\u00e7arolas, cuscuzeiras e cafeteiras da marca JR Alum\u00ednios.<\/p>\n\n\n\n<p>Sendo assim, todo o material foi conduzido para central de pol\u00edcia e, em seguida devolvido aos propriet\u00e1rios.<\/p>\n\n\n\n<p><em>Informa\u00e7\u00f5es Blog do M\u00e1rcio Rangel<\/em><\/p>\n","protected":false},"excerpt":{"rendered":"<p>A Pol\u00edcia Militar recuperou no final da tarde desta quarta-feira (8) a carga de panelas roubada em Campina Grande de um caminh\u00e3o que fazia transporte&hellip; <\/p>\n","protected":false},"author":1,"featured_media":94468,"comment_status":"closed","ping_status":"closed","sticky":false,"template":"","format":"standard","meta":{"sfsi_plus_gutenberg_text_before_share":"","sfsi_plus_gutenberg_show_text_before_share":"","sfsi_plus_gutenberg_icon_type":"","sfsi_plus_gutenberg_icon_alignemt":"","sfsi_plus_gutenburg_max_per_row":"","footnotes":""},"categories":[12],"tags":[],"class_list":["post-94467","post","type-post","status-publish","format-standard","has-post-thumbnail","hentry","category-policia"],"_links":{"self":[{"href":"https:\/\/www.caririemacao.com\/1\/wp-json\/wp\/v2\/posts\/94467","targetHints":{"allow":["GET"]}}],"collection":[{"href":"https:\/\/www.caririemacao.com\/1\/wp-json\/wp\/v2\/posts"}],"about":[{"href":"https:\/\/www.caririemacao.com\/1\/wp-json\/wp\/v2\/types\/post"}],"author":[{"embeddable":true,"href":"https:\/\/www.caririemacao.com\/1\/wp-json\/wp\/v2\/users\/1"}],"replies":[{"embeddable":true,"href":"https:\/\/www.caririemacao.com\/1\/wp-json\/wp\/v2\/comments?post=94467"}],"version-history":[{"count":1,"href":"https:\/\/www.caririemacao.com\/1\/wp-json\/wp\/v2\/posts\/94467\/revisions"}],"predecessor-version":[{"id":94469,"href":"https:\/\/www.caririemacao.com\/1\/wp-json\/wp\/v2\/posts\/94467\/revisions\/94469"}],"wp:featuredmedia":[{"embeddable":true,"href":"https:\/\/www.caririemacao.com\/1\/wp-json\/wp\/v2\/media\/94468"}],"wp:attachment":[{"href":"https:\/\/www.caririemacao.com\/1\/wp-json\/wp\/v2\/media?parent=94467"}],"wp:term":[{"taxonomy":"category","embeddable":true,"href":"https:\/\/www.caririemacao.com\/1\/wp-json\/wp\/v2\/categories?post=94467"},{"taxonomy":"post_tag","embeddable":true,"href":"https:\/\/www.caririemacao.com\/1\/wp-json\/wp\/v2\/tags?post=94467"}],"curies":[{"name":"wp","href":"https:\/\/api.w.org\/{rel}","templated":true}]}}