{"id":94472,"date":"2019-05-10T13:36:17","date_gmt":"2019-05-10T16:36:17","guid":{"rendered":"http:\/\/www.caririemacao.com\/1\/?p=94472"},"modified":"2019-05-10T13:36:17","modified_gmt":"2019-05-10T16:36:17","slug":"bolsonaro-sanciona-lei-que-permite-reconducao-de-conselheiros-tutelares-por-varios-mandatos","status":"publish","type":"post","link":"https:\/\/www.caririemacao.com\/1\/2019\/05\/10\/bolsonaro-sanciona-lei-que-permite-reconducao-de-conselheiros-tutelares-por-varios-mandatos\/","title":{"rendered":"Bolsonaro sanciona lei que permite recondu\u00e7\u00e3o de conselheiros tutelares por v\u00e1rios mandatos"},"content":{"rendered":"\n<p>O presidente Jair Bolsonaro, em conjunto com os ministros S\u00e9rgio Moro e Damares Alves, sancionou a lei permitindo a recondu\u00e7\u00e3o conselheiros tutelares ao cargo por meio de elei\u00e7\u00e3o. A lei foi publicada na edi\u00e7\u00e3o desta sexta-feira (10) do Di\u00e1rio Oficial da Uni\u00e3o.<\/p>\n\n\n\n<p>J\u00e1 est\u00e1 em vigor a Lei 13.82, de 2019, que altera o Estatuto da Crian\u00e7a e do Adolescente (ECA), para permitir a reelei\u00e7\u00e3o de conselheiros tutelares para v\u00e1rios mandatos. Antes da nova lei, o ECA permitia essa recondu\u00e7\u00e3o por apenas uma vez.<\/p>\n\n\n\n<p>A medida constou do Projeto de Lei (PL) 1.783\/2019, aprovado por unanimidade no Senado em abril, e foi sancionada pelo presidente Jair Bolsonaro nesta quinta-feira (9).<\/p>\n\n\n\n<div class=\"wp-block-image\"><figure class=\"aligncenter\"><img decoding=\"async\" data-src=\"http:\/\/deolhonocariri.com.br\/wp-content\/uploads\/2019\/05\/lei_conselho_tutelar.png\" alt=\"\" class=\"wp-image-66727 lazyload\" src=\"data:image\/svg+xml;base64,PHN2ZyB3aWR0aD0iMSIgaGVpZ2h0PSIxIiB4bWxucz0iaHR0cDovL3d3dy53My5vcmcvMjAwMC9zdmciPjwvc3ZnPg==\" \/><\/figure><\/div>\n\n\n\n<p>O conselho tutelar \u00e9 previsto no ECA \u2014 Lei 8.069\/1990 \u2014 como \u00f3rg\u00e3o permanente e aut\u00f4nomo, encarregado pela sociedade de zelar pelo cumprimento dos direitos da crian\u00e7a e do adolescente. S\u00e3o cinco os conselheiros, escolhidos pela popula\u00e7\u00e3o por meio de elei\u00e7\u00e3o, com mandato de quatro anos.<\/p>\n\n\n\n<p><em>Com Click PB<\/em><\/p>\n","protected":false},"excerpt":{"rendered":"<p>O presidente Jair Bolsonaro, em conjunto com os ministros S\u00e9rgio Moro e Damares Alves, sancionou a lei permitindo a recondu\u00e7\u00e3o conselheiros tutelares ao cargo por&hellip; <\/p>\n","protected":false},"author":1,"featured_media":94473,"comment_status":"closed","ping_status":"closed","sticky":false,"template":"","format":"standard","meta":{"sfsi_plus_gutenberg_text_before_share":"","sfsi_plus_gutenberg_show_text_before_share":"","sfsi_plus_gutenberg_icon_type":"","sfsi_plus_gutenberg_icon_alignemt":"","sfsi_plus_gutenburg_max_per_row":"","footnotes":""},"categories":[11],"tags":[],"class_list":["post-94472","post","type-post","status-publish","format-standard","has-post-thumbnail","hentry","category-politica"],"_links":{"self":[{"href":"https:\/\/www.caririemacao.com\/1\/wp-json\/wp\/v2\/posts\/94472","targetHints":{"allow":["GET"]}}],"collection":[{"href":"https:\/\/www.caririemacao.com\/1\/wp-json\/wp\/v2\/posts"}],"about":[{"href":"https:\/\/www.caririemacao.com\/1\/wp-json\/wp\/v2\/types\/post"}],"author":[{"embeddable":true,"href":"https:\/\/www.caririemacao.com\/1\/wp-json\/wp\/v2\/users\/1"}],"replies":[{"embeddable":true,"href":"https:\/\/www.caririemacao.com\/1\/wp-json\/wp\/v2\/comments?post=94472"}],"version-history":[{"count":1,"href":"https:\/\/www.caririemacao.com\/1\/wp-json\/wp\/v2\/posts\/94472\/revisions"}],"predecessor-version":[{"id":94474,"href":"https:\/\/www.caririemacao.com\/1\/wp-json\/wp\/v2\/posts\/94472\/revisions\/94474"}],"wp:featuredmedia":[{"embeddable":true,"href":"https:\/\/www.caririemacao.com\/1\/wp-json\/wp\/v2\/media\/94473"}],"wp:attachment":[{"href":"https:\/\/www.caririemacao.com\/1\/wp-json\/wp\/v2\/media?parent=94472"}],"wp:term":[{"taxonomy":"category","embeddable":true,"href":"https:\/\/www.caririemacao.com\/1\/wp-json\/wp\/v2\/categories?post=94472"},{"taxonomy":"post_tag","embeddable":true,"href":"https:\/\/www.caririemacao.com\/1\/wp-json\/wp\/v2\/tags?post=94472"}],"curies":[{"name":"wp","href":"https:\/\/api.w.org\/{rel}","templated":true}]}}