{"id":94478,"date":"2019-05-10T13:39:26","date_gmt":"2019-05-10T16:39:26","guid":{"rendered":"http:\/\/www.caririemacao.com\/1\/?p=94478"},"modified":"2019-05-10T13:39:26","modified_gmt":"2019-05-10T16:39:26","slug":"representantes-do-banco-mundial-conhecem-projetos-na-zona-rural-de-sume","status":"publish","type":"post","link":"https:\/\/www.caririemacao.com\/1\/2019\/05\/10\/representantes-do-banco-mundial-conhecem-projetos-na-zona-rural-de-sume\/","title":{"rendered":"Representantes do Banco Mundial conhecem projetos na zona rural de Sum\u00e9"},"content":{"rendered":"\n<p>Representantes do Banco Mundial estiveram em Sum\u00e9 na tarde desta quinta-feira (09), para conhecer de perto o sistema de dessaliniza\u00e7\u00e3o de \u00c1gua do Programa \u00c1gua Doce, nas comunidades de Pitombeira e Princesa do Ju\u00e1 que atende 25 fam\u00edlias com \u00e1gua pot\u00e1vel de qualidade. <br> Esse programa \u00e9 financiado pelo Projeto de Desenvolvimento Sustent\u00e1vel do Cariri, Serid\u00f3 e Curimata\u00fa (Procase) em parceria com o Fundo Internacional de Desenvolvimento Agr\u00edcola (Fida) e Programa \u00c1gua Doce, em execu\u00e7\u00e3o pela Secretaria de Estado da Infraestrutura, dos Recursos H\u00eddricos e Meio Ambiente.<br> A miss\u00e3o do Bird na Para\u00edba est\u00e1 discutindo com o Governo do Estado a implementa\u00e7\u00e3o do programa \u2018Para\u00edba Rural Sustent\u00e1vel\u2019, para o qual est\u00e3o garantidos recursos da ordem de R$ 300 milh\u00f5es.<br> Estiveram acompanhando a visita, o vice-prefeito Dr\u00f3, o secret\u00e1rio de Agricultura Isca Viana, o vereador Bon\u00edlson Tim\u00f3teo, o coordenador do Programa \u00c1gua Doce, Robi Tabolka, a consultora do Procase no Cariri, Joia e agricultores familiares.<br> A miss\u00e3o do Banco Mundial \u00e9 chefiada por Maurizio Guadagni, e composta por Pablo Valdivia, especialista em agroneg\u00f3cios e riscos agropecu\u00e1rios, Alberto Costa, especialista s\u00eanior em salvaguardas sociais, Ditmar Alfonso Zimath, consultor do Banco Mundial.<br> Ascom<\/p>\n","protected":false},"excerpt":{"rendered":"<p>Representantes do Banco Mundial estiveram em Sum\u00e9 na tarde desta quinta-feira (09), para conhecer de perto o sistema de dessaliniza\u00e7\u00e3o de \u00c1gua do Programa \u00c1gua&hellip; <\/p>\n","protected":false},"author":1,"featured_media":94480,"comment_status":"closed","ping_status":"closed","sticky":false,"template":"","format":"standard","meta":{"sfsi_plus_gutenberg_text_before_share":"","sfsi_plus_gutenberg_show_text_before_share":"","sfsi_plus_gutenberg_icon_type":"","sfsi_plus_gutenberg_icon_alignemt":"","sfsi_plus_gutenburg_max_per_row":"","footnotes":""},"categories":[6],"tags":[],"class_list":["post-94478","post","type-post","status-publish","format-standard","has-post-thumbnail","hentry","category-cidades"],"_links":{"self":[{"href":"https:\/\/www.caririemacao.com\/1\/wp-json\/wp\/v2\/posts\/94478","targetHints":{"allow":["GET"]}}],"collection":[{"href":"https:\/\/www.caririemacao.com\/1\/wp-json\/wp\/v2\/posts"}],"about":[{"href":"https:\/\/www.caririemacao.com\/1\/wp-json\/wp\/v2\/types\/post"}],"author":[{"embeddable":true,"href":"https:\/\/www.caririemacao.com\/1\/wp-json\/wp\/v2\/users\/1"}],"replies":[{"embeddable":true,"href":"https:\/\/www.caririemacao.com\/1\/wp-json\/wp\/v2\/comments?post=94478"}],"version-history":[{"count":1,"href":"https:\/\/www.caririemacao.com\/1\/wp-json\/wp\/v2\/posts\/94478\/revisions"}],"predecessor-version":[{"id":94481,"href":"https:\/\/www.caririemacao.com\/1\/wp-json\/wp\/v2\/posts\/94478\/revisions\/94481"}],"wp:featuredmedia":[{"embeddable":true,"href":"https:\/\/www.caririemacao.com\/1\/wp-json\/wp\/v2\/media\/94480"}],"wp:attachment":[{"href":"https:\/\/www.caririemacao.com\/1\/wp-json\/wp\/v2\/media?parent=94478"}],"wp:term":[{"taxonomy":"category","embeddable":true,"href":"https:\/\/www.caririemacao.com\/1\/wp-json\/wp\/v2\/categories?post=94478"},{"taxonomy":"post_tag","embeddable":true,"href":"https:\/\/www.caririemacao.com\/1\/wp-json\/wp\/v2\/tags?post=94478"}],"curies":[{"name":"wp","href":"https:\/\/api.w.org\/{rel}","templated":true}]}}