{"id":94495,"date":"2019-05-10T13:51:56","date_gmt":"2019-05-10T16:51:56","guid":{"rendered":"http:\/\/www.caririemacao.com\/1\/?p=94495"},"modified":"2019-05-10T13:51:56","modified_gmt":"2019-05-10T16:51:56","slug":"prefeitura-de-ouro-velho-realiza-eventos-alusivos-ao-dia-das-maes","status":"publish","type":"post","link":"https:\/\/www.caririemacao.com\/1\/2019\/05\/10\/prefeitura-de-ouro-velho-realiza-eventos-alusivos-ao-dia-das-maes\/","title":{"rendered":"Prefeitura de Ouro Velho realiza eventos alusivos ao Dia das M\u00e3es"},"content":{"rendered":"\n<p>A&nbsp;<strong>Prefeitura de Ouro Velho<\/strong>, atrav\u00e9s das Secretarias de Educa\u00e7\u00e3o e Assist\u00eancia Social, realizaram eventos alusivos ao Dia das M\u00e3es, que tradicionalmente \u00e9 comemorado no segundo domingo do m\u00eas de Maio.<\/p>\n\n\n\n<p>O evento que deu in\u00edcio a programa\u00e7\u00e3o especial de comemora\u00e7\u00f5es ao dia das m\u00e3es realizado pela prefeitura de Ouro Velho, aconteceu no Clube Municipal e contou com a presen\u00e7a da Prefeita&nbsp;<strong>Nat\u00e1lia de Dr J\u00fanior<\/strong>, do vice prefeito&nbsp;<strong>Fl\u00e1vio Henrique<\/strong>, vereadores e da Secret\u00e1ria de Educa\u00e7\u00e3o do munic\u00edpio, Edjane Cabral.<\/p>\n\n\n\n<div class=\"wp-block-image\"><figure class=\"alignleft\"><img decoding=\"async\" data-src=\"https:\/\/www.politicaparahyba.com.br\/wp-content\/uploads\/2019\/05\/WhatsApp-Image-2019-05-09-at-22.10.25-300x225.jpeg\" alt=\"\" class=\"wp-image-4819 lazyload\" src=\"data:image\/svg+xml;base64,PHN2ZyB3aWR0aD0iMSIgaGVpZ2h0PSIxIiB4bWxucz0iaHR0cDovL3d3dy53My5vcmcvMjAwMC9zdmciPjwvc3ZnPg==\" style=\"--smush-placeholder-width: 300px; --smush-placeholder-aspect-ratio: 300\/225;\" \/><\/figure><\/div>\n\n\n\n<p>A prefeita<strong>&nbsp;Natalia de Dr J\u00fanior<\/strong>, na oportunidade, agradeceu a equipe da Secretaria de Educa\u00e7\u00e3o e parabenizou todas as m\u00e3es do munic\u00edpio.\u201d\u201cTenho imensa satisfa\u00e7\u00e3o em retribuir, com esse singelo encontro em homenagem \u00e0s m\u00e3es o carinho e dedica\u00e7\u00e3o de todas. Nenhuma homenagem seria o suficiente para descrever o qu\u00e3o importante s\u00e3o, n\u00e3o somente na vida social, mas tamb\u00e9m, na vida educacional de seus filhos\u201d<\/p>\n\n\n\n<div class=\"wp-block-image\"><figure class=\"alignright\"><img decoding=\"async\" data-src=\"https:\/\/www.politicaparahyba.com.br\/wp-content\/uploads\/2019\/05\/WhatsApp-Image-2019-05-09-at-22.10.26-2-225x300.jpeg\" alt=\"\" class=\"wp-image-4817 lazyload\" src=\"data:image\/svg+xml;base64,PHN2ZyB3aWR0aD0iMSIgaGVpZ2h0PSIxIiB4bWxucz0iaHR0cDovL3d3dy53My5vcmcvMjAwMC9zdmciPjwvc3ZnPg==\" style=\"--smush-placeholder-width: 225px; --smush-placeholder-aspect-ratio: 225\/300;\" \/><\/figure><\/div>\n\n\n\n<p><\/p>\n\n\n\n<p><\/p>\n\n\n\n<p>J\u00e1 o vice-prefeito\u00a0<strong>Fl\u00e1vio Henrique<\/strong>\u00a0destacou a import\u00e2ncia da valoriza\u00e7\u00e3o das m\u00e3es ourovelhenses. \u201cUma festividade onde as m\u00e3es se sentiram valorizadas e cientes do importante papel que elas desenvolvem no dia a dia, sobretudo na cria\u00e7\u00e3o dos seus filhos. A gest\u00e3o trabalha todas as horas para fortalecer os v\u00ednculos com a popula\u00e7\u00e3o e est\u00e1 cada vez mais perto das fam\u00edlias\u201d, declarou.<\/p>\n\n\n\n<p>De acordo com a secret\u00e1ria de educa\u00e7\u00e3o,&nbsp;<strong>Edjane Cabral<\/strong>, o evento realizado por gestores, coordenadores e servidores da Secretaria de Educa\u00e7\u00e3o do munic\u00edpio, teve o objetivo de valorizar o esp\u00edrito materno e estreitar os la\u00e7os de amizade entre as m\u00e3es e a rede de ensino.<\/p>\n\n\n\n<p>\u201cEstou muito feliz por esse momento, estando ao lado tantas m\u00e3es para comemorar conosco essa data t\u00e3o especial. Na oportunidade, quero deixar meus parab\u00e9ns para todas as m\u00e3es de Ouro Velho, m\u00e3es guerreiras, m\u00e3es que lutam pelo melhor para seus filhos e que merecem essa homenagem t\u00e3o bonita\u201d, disse a secret\u00e1ria.<\/p>\n\n\n\n<p>J\u00e1 a&nbsp;<strong>Secretaria de Assist\u00eancia Social&nbsp;<\/strong>realizou uma festa para comemorar com as M\u00e3es usu\u00e1rias dos servi\u00e7os vinculados \u00e0 pasta. Participar\u00e3o da celebra\u00e7\u00e3o as m\u00e3es ligadas ao CRAS e Servi\u00e7os de Conviv\u00eancia.<\/p>\n\n\n\n<div class=\"wp-block-image\"><figure class=\"alignleft\"><img decoding=\"async\" data-src=\"https:\/\/www.politicaparahyba.com.br\/wp-content\/uploads\/2019\/05\/bolo-300x210.jpg\" alt=\"\" class=\"wp-image-4806 lazyload\" src=\"data:image\/svg+xml;base64,PHN2ZyB3aWR0aD0iMSIgaGVpZ2h0PSIxIiB4bWxucz0iaHR0cDovL3d3dy53My5vcmcvMjAwMC9zdmciPjwvc3ZnPg==\" style=\"--smush-placeholder-width: 300px; --smush-placeholder-aspect-ratio: 300\/210;\" \/><\/figure><\/div>\n\n\n\n<p>Durante o evento,&nbsp; foram realizados sorteios de eletrodom\u00e9sticos, distribui\u00e7\u00e3o de brindes para as m\u00e3es, finalizando com um grande um banquete, com bolo, salgados, sucos e refrigerantes.<\/p>\n\n\n\n<p>A celebra\u00e7\u00e3o tamb\u00e9m contou com a presen\u00e7a da Prefeita Nat\u00e1lia de Dr J\u00fanior, do m\u00e9dico da Fam\u00edlia Dr J\u00fanior, al\u00e9m da Secret\u00e1ria de Assist\u00eancia Social,&nbsp;<strong>Aline Lucena<\/strong>.<\/p>\n\n\n\n<p>\u201cFoi um momento de confraterniza\u00e7\u00e3o importante para as m\u00e3es que usam os servi\u00e7os da Secret\u00e1ria de Assist\u00eancia Social. Para n\u00f3s, \u00e9 um grande prazer homenagear essas mulheres\u201d, disse a secret\u00e1ria Aline Lucena.<\/p>\n\n\n\n<p>Pol\u00edtica Parahyba<\/p>\n","protected":false},"excerpt":{"rendered":"<p>A&nbsp;Prefeitura de Ouro Velho, atrav\u00e9s das Secretarias de Educa\u00e7\u00e3o e Assist\u00eancia Social, realizaram eventos alusivos ao Dia das M\u00e3es, que tradicionalmente \u00e9 comemorado no segundo&hellip; <\/p>\n","protected":false},"author":1,"featured_media":94496,"comment_status":"closed","ping_status":"closed","sticky":false,"template":"","format":"standard","meta":{"sfsi_plus_gutenberg_text_before_share":"","sfsi_plus_gutenberg_show_text_before_share":"","sfsi_plus_gutenberg_icon_type":"","sfsi_plus_gutenberg_icon_alignemt":"","sfsi_plus_gutenburg_max_per_row":"","footnotes":""},"categories":[2],"tags":[],"class_list":["post-94495","post","type-post","status-publish","format-standard","has-post-thumbnail","hentry","category-geral"],"_links":{"self":[{"href":"https:\/\/www.caririemacao.com\/1\/wp-json\/wp\/v2\/posts\/94495","targetHints":{"allow":["GET"]}}],"collection":[{"href":"https:\/\/www.caririemacao.com\/1\/wp-json\/wp\/v2\/posts"}],"about":[{"href":"https:\/\/www.caririemacao.com\/1\/wp-json\/wp\/v2\/types\/post"}],"author":[{"embeddable":true,"href":"https:\/\/www.caririemacao.com\/1\/wp-json\/wp\/v2\/users\/1"}],"replies":[{"embeddable":true,"href":"https:\/\/www.caririemacao.com\/1\/wp-json\/wp\/v2\/comments?post=94495"}],"version-history":[{"count":1,"href":"https:\/\/www.caririemacao.com\/1\/wp-json\/wp\/v2\/posts\/94495\/revisions"}],"predecessor-version":[{"id":94497,"href":"https:\/\/www.caririemacao.com\/1\/wp-json\/wp\/v2\/posts\/94495\/revisions\/94497"}],"wp:featuredmedia":[{"embeddable":true,"href":"https:\/\/www.caririemacao.com\/1\/wp-json\/wp\/v2\/media\/94496"}],"wp:attachment":[{"href":"https:\/\/www.caririemacao.com\/1\/wp-json\/wp\/v2\/media?parent=94495"}],"wp:term":[{"taxonomy":"category","embeddable":true,"href":"https:\/\/www.caririemacao.com\/1\/wp-json\/wp\/v2\/categories?post=94495"},{"taxonomy":"post_tag","embeddable":true,"href":"https:\/\/www.caririemacao.com\/1\/wp-json\/wp\/v2\/tags?post=94495"}],"curies":[{"name":"wp","href":"https:\/\/api.w.org\/{rel}","templated":true}]}}