{"id":94511,"date":"2019-05-10T14:04:31","date_gmt":"2019-05-10T17:04:31","guid":{"rendered":"http:\/\/www.caririemacao.com\/1\/?p=94511"},"modified":"2019-05-10T14:04:31","modified_gmt":"2019-05-10T17:04:31","slug":"trabalhadores-podem-sacar-o-abono-2017-ate-o-dia-28-de-junho","status":"publish","type":"post","link":"https:\/\/www.caririemacao.com\/1\/2019\/05\/10\/trabalhadores-podem-sacar-o-abono-2017-ate-o-dia-28-de-junho\/","title":{"rendered":"Trabalhadores podem sacar o abono-2017 at\u00e9 o dia 28 de junho"},"content":{"rendered":"\n<p>Os trabalhadores que ainda n\u00e3o sacaram o Abono Salarial ano-base 2017 t\u00eam at\u00e9 o dia 28 de junho para procurar uma ag\u00eancia banc\u00e1ria e retirar o dinheiro. Na Para\u00edba, 36.872 &nbsp;de pessoas com direito ao benef\u00edcio ainda n\u00e3o resgataram o recurso. O n\u00famero representa 8,3% do total. O valor dispon\u00edvel para saque chega a a pouco mais de R$ 22,7 milh\u00f5es.<\/p>\n\n\n\n<p>No Brasil, mais de 2,33 milh\u00f5es n\u00e3o realizaram o saque, representando aproximadamente 10% do total. O valor para saque chega a R$ 1,53 bilh\u00e3o.<\/p>\n\n\n\n<p>A maior parte desse montante dispon\u00edvel est\u00e1 na regi\u00e3o Nordeste, onde 642.074 trabalhadores n\u00e3o sacaram o recurso, principalmente nos estados do Maranh\u00e3o, Bahia e Sergipe. A segunda regi\u00e3o com maior n\u00famero de pessoas com valores a receber \u00e9 o Sul, com destaque para o Rio Grande Sul, onde mais de 584 mil benefici\u00e1rios ainda n\u00e3o sacaram R$ 380 milh\u00f5es dispon\u00edveis.<\/p>\n\n\n\n<p>O Abono Salarial ano-base 2017 come\u00e7ou a ser pago em 26 de julho de 2018. Desde ent\u00e3o, j\u00e1 foram pagos 22,28 milh\u00f5es de trabalhadores, o que representa 90,51% do total. Os valores sacados at\u00e9 8 de maio (\u00faltima atualiza\u00e7\u00e3o) somam R$ 17,17 bilh\u00f5es. Os empregados da iniciativa privada, vinculados ao PIS, sacam o dinheiro na Caixa. Para os funcion\u00e1rios p\u00fablicos (Pasep), a refer\u00eancia \u00e9 o Banco do Brasil.<\/p>\n\n\n\n<h2 class=\"wp-block-heading\">Quem tem direito<\/h2>\n\n\n\n<p>Tem direito ao abono salarial calend\u00e1rio 2018\/2019 quem estava inscrito no PIS\/Pasep h\u00e1 pelo menos cinco anos, trabalhou formalmente por pelo menos 30 dias em 2017 com remunera\u00e7\u00e3o mensal m\u00e9dia de at\u00e9 dois sal\u00e1rios m\u00ednimos. Al\u00e9m disso, \u00e9 preciso que os dados do trabalhador tenham sido informados corretamente pelo empregador na Rela\u00e7\u00e3o Anual de Informa\u00e7\u00f5es Sociais (Rais).<\/p>\n\n\n\n<p>O valor a que cada pessoa tem direito \u00e9 proporcional ao tempo trabalhado formalmente no ano-base. Quem esteve empregado por todo o ano recebe o equivalente a um sal\u00e1rio m\u00ednimo (R$ 998); quem trabalhou por apenas 30 dias pode sacar o valor m\u00ednimo, que \u00e9 de R$ 84 \u2013 o equivalente a 1\/12 do sal\u00e1rio m\u00ednimo.<\/p>\n","protected":false},"excerpt":{"rendered":"<p>Os trabalhadores que ainda n\u00e3o sacaram o Abono Salarial ano-base 2017 t\u00eam at\u00e9 o dia 28 de junho para procurar uma ag\u00eancia banc\u00e1ria e retirar&hellip; <\/p>\n","protected":false},"author":1,"featured_media":86871,"comment_status":"closed","ping_status":"closed","sticky":false,"template":"","format":"standard","meta":{"sfsi_plus_gutenberg_text_before_share":"","sfsi_plus_gutenberg_show_text_before_share":"","sfsi_plus_gutenberg_icon_type":"","sfsi_plus_gutenberg_icon_alignemt":"","sfsi_plus_gutenburg_max_per_row":"","footnotes":""},"categories":[50,2],"tags":[],"class_list":["post-94511","post","type-post","status-publish","format-standard","has-post-thumbnail","hentry","category-destaque","category-geral"],"_links":{"self":[{"href":"https:\/\/www.caririemacao.com\/1\/wp-json\/wp\/v2\/posts\/94511","targetHints":{"allow":["GET"]}}],"collection":[{"href":"https:\/\/www.caririemacao.com\/1\/wp-json\/wp\/v2\/posts"}],"about":[{"href":"https:\/\/www.caririemacao.com\/1\/wp-json\/wp\/v2\/types\/post"}],"author":[{"embeddable":true,"href":"https:\/\/www.caririemacao.com\/1\/wp-json\/wp\/v2\/users\/1"}],"replies":[{"embeddable":true,"href":"https:\/\/www.caririemacao.com\/1\/wp-json\/wp\/v2\/comments?post=94511"}],"version-history":[{"count":1,"href":"https:\/\/www.caririemacao.com\/1\/wp-json\/wp\/v2\/posts\/94511\/revisions"}],"predecessor-version":[{"id":94512,"href":"https:\/\/www.caririemacao.com\/1\/wp-json\/wp\/v2\/posts\/94511\/revisions\/94512"}],"wp:featuredmedia":[{"embeddable":true,"href":"https:\/\/www.caririemacao.com\/1\/wp-json\/wp\/v2\/media\/86871"}],"wp:attachment":[{"href":"https:\/\/www.caririemacao.com\/1\/wp-json\/wp\/v2\/media?parent=94511"}],"wp:term":[{"taxonomy":"category","embeddable":true,"href":"https:\/\/www.caririemacao.com\/1\/wp-json\/wp\/v2\/categories?post=94511"},{"taxonomy":"post_tag","embeddable":true,"href":"https:\/\/www.caririemacao.com\/1\/wp-json\/wp\/v2\/tags?post=94511"}],"curies":[{"name":"wp","href":"https:\/\/api.w.org\/{rel}","templated":true}]}}