{"id":94514,"date":"2019-05-10T14:16:06","date_gmt":"2019-05-10T17:16:06","guid":{"rendered":"http:\/\/www.caririemacao.com\/1\/?p=94514"},"modified":"2019-05-10T14:16:06","modified_gmt":"2019-05-10T17:16:06","slug":"policiais-e-agentes-aprendem-suspeitos-de-tentar-pular-muro-da-cadeia-de-sume-com-drogas-e-celulares","status":"publish","type":"post","link":"https:\/\/www.caririemacao.com\/1\/2019\/05\/10\/policiais-e-agentes-aprendem-suspeitos-de-tentar-pular-muro-da-cadeia-de-sume-com-drogas-e-celulares\/","title":{"rendered":"Policiais e agentes aprendem suspeitos de tentar pular muro da Cadeia de Sum\u00e9 com drogas e celulares"},"content":{"rendered":"\n<p>Policiais militares e agentes penitenci\u00e1rios apreenderam dois suspeitos tentando entrar com drogas e celulares por cima do muro da Cadeia P\u00fablica de Sum\u00e9, no Cariri, na madrugada desta sexta-feira (10).<\/p>\n\n\n\n<p>De acordo com informa\u00e7\u00f5es do diretor da unidade prisional, Valcir Neves, o fato aconteceu por volta de 01h da madrugada. Os suspeitos foram aprendidos e identificados. Um dos acusados \u00e9 menor de idade, foi ouvido pelo delgado e liberado para responder em liberdade.<\/p>\n\n\n\n<p>Carlos Eduardo da Silva, maior de idade, foi preso e encaminhado para pr\u00f3pria cadeia de Sum\u00e9, onde cumprir\u00e1 pena.<\/p>\n\n\n\n<p><strong>Blog do Bruno Lira<\/strong><\/p>\n","protected":false},"excerpt":{"rendered":"<p>Policiais militares e agentes penitenci\u00e1rios apreenderam dois suspeitos tentando entrar com drogas e celulares por cima do muro da Cadeia P\u00fablica de Sum\u00e9, no Cariri,&hellip; <\/p>\n","protected":false},"author":1,"featured_media":0,"comment_status":"closed","ping_status":"closed","sticky":false,"template":"","format":"standard","meta":{"sfsi_plus_gutenberg_text_before_share":"","sfsi_plus_gutenberg_show_text_before_share":"","sfsi_plus_gutenberg_icon_type":"","sfsi_plus_gutenberg_icon_alignemt":"","sfsi_plus_gutenburg_max_per_row":"","footnotes":""},"categories":[50,12],"tags":[],"class_list":["post-94514","post","type-post","status-publish","format-standard","hentry","category-destaque","category-policia"],"_links":{"self":[{"href":"https:\/\/www.caririemacao.com\/1\/wp-json\/wp\/v2\/posts\/94514","targetHints":{"allow":["GET"]}}],"collection":[{"href":"https:\/\/www.caririemacao.com\/1\/wp-json\/wp\/v2\/posts"}],"about":[{"href":"https:\/\/www.caririemacao.com\/1\/wp-json\/wp\/v2\/types\/post"}],"author":[{"embeddable":true,"href":"https:\/\/www.caririemacao.com\/1\/wp-json\/wp\/v2\/users\/1"}],"replies":[{"embeddable":true,"href":"https:\/\/www.caririemacao.com\/1\/wp-json\/wp\/v2\/comments?post=94514"}],"version-history":[{"count":1,"href":"https:\/\/www.caririemacao.com\/1\/wp-json\/wp\/v2\/posts\/94514\/revisions"}],"predecessor-version":[{"id":94515,"href":"https:\/\/www.caririemacao.com\/1\/wp-json\/wp\/v2\/posts\/94514\/revisions\/94515"}],"wp:attachment":[{"href":"https:\/\/www.caririemacao.com\/1\/wp-json\/wp\/v2\/media?parent=94514"}],"wp:term":[{"taxonomy":"category","embeddable":true,"href":"https:\/\/www.caririemacao.com\/1\/wp-json\/wp\/v2\/categories?post=94514"},{"taxonomy":"post_tag","embeddable":true,"href":"https:\/\/www.caririemacao.com\/1\/wp-json\/wp\/v2\/tags?post=94514"}],"curies":[{"name":"wp","href":"https:\/\/api.w.org\/{rel}","templated":true}]}}