{"id":94519,"date":"2019-05-10T14:22:58","date_gmt":"2019-05-10T17:22:58","guid":{"rendered":"http:\/\/www.caririemacao.com\/1\/?p=94519"},"modified":"2019-05-10T14:22:58","modified_gmt":"2019-05-10T17:22:58","slug":"urgente-aposentado-do-banco-do-brasil-e-sequestrado-na-estrada-que-liga-sume-ao-congo","status":"publish","type":"post","link":"https:\/\/www.caririemacao.com\/1\/2019\/05\/10\/urgente-aposentado-do-banco-do-brasil-e-sequestrado-na-estrada-que-liga-sume-ao-congo\/","title":{"rendered":"Urgente: Aposentado do Banco do Brasil \u00e9 sequestrado na estrada que liga Sum\u00e9 ao Congo"},"content":{"rendered":"\n<p>No inicio da tarde desta sexta feira um aposentado do Banco do Brasil foi sequestrado por dois homens armados na estrada que liga Sum\u00e9 ao Congo.<br><\/p>\n\n\n\n<p>O aposentado que ia em dire\u00e7\u00e3o a seu s\u00edtio foi abordado por dois homens que armados fizeram ele parar o seu carro um cross fox preto e  o levaram em dire\u00e7\u00e3o ao munic\u00edpio de Monteiro. <\/p>\n\n\n\n<p>A Pol\u00edcia foi avisa e rapidamente come\u00e7ou a persegui\u00e7\u00e3o.<br> O aposentado foi liberado pr\u00f3ximo ao s\u00edtio carna\u00faba e o carro foi encontrado pela Pol\u00edcia.<br><\/p>\n\n\n\n<p> Os dois elementos entraram no mato e est\u00e3o sendo procurados por Policiais Militares.<\/p>\n\n\n\n<p>R\u00e1dio Cidade Sum\u00e9<\/p>\n\n\n\n<h1 class=\"wp-block-heading\"><\/h1>\n","protected":false},"excerpt":{"rendered":"<p>No inicio da tarde desta sexta feira um aposentado do Banco do Brasil foi sequestrado por dois homens armados na estrada que liga Sum\u00e9 ao&hellip; <\/p>\n","protected":false},"author":1,"featured_media":20692,"comment_status":"closed","ping_status":"closed","sticky":false,"template":"","format":"standard","meta":{"sfsi_plus_gutenberg_text_before_share":"","sfsi_plus_gutenberg_show_text_before_share":"","sfsi_plus_gutenberg_icon_type":"","sfsi_plus_gutenberg_icon_alignemt":"","sfsi_plus_gutenburg_max_per_row":"","footnotes":""},"categories":[50,12],"tags":[],"class_list":["post-94519","post","type-post","status-publish","format-standard","has-post-thumbnail","hentry","category-destaque","category-policia"],"_links":{"self":[{"href":"https:\/\/www.caririemacao.com\/1\/wp-json\/wp\/v2\/posts\/94519","targetHints":{"allow":["GET"]}}],"collection":[{"href":"https:\/\/www.caririemacao.com\/1\/wp-json\/wp\/v2\/posts"}],"about":[{"href":"https:\/\/www.caririemacao.com\/1\/wp-json\/wp\/v2\/types\/post"}],"author":[{"embeddable":true,"href":"https:\/\/www.caririemacao.com\/1\/wp-json\/wp\/v2\/users\/1"}],"replies":[{"embeddable":true,"href":"https:\/\/www.caririemacao.com\/1\/wp-json\/wp\/v2\/comments?post=94519"}],"version-history":[{"count":1,"href":"https:\/\/www.caririemacao.com\/1\/wp-json\/wp\/v2\/posts\/94519\/revisions"}],"predecessor-version":[{"id":94520,"href":"https:\/\/www.caririemacao.com\/1\/wp-json\/wp\/v2\/posts\/94519\/revisions\/94520"}],"wp:featuredmedia":[{"embeddable":true,"href":"https:\/\/www.caririemacao.com\/1\/wp-json\/wp\/v2\/media\/20692"}],"wp:attachment":[{"href":"https:\/\/www.caririemacao.com\/1\/wp-json\/wp\/v2\/media?parent=94519"}],"wp:term":[{"taxonomy":"category","embeddable":true,"href":"https:\/\/www.caririemacao.com\/1\/wp-json\/wp\/v2\/categories?post=94519"},{"taxonomy":"post_tag","embeddable":true,"href":"https:\/\/www.caririemacao.com\/1\/wp-json\/wp\/v2\/tags?post=94519"}],"curies":[{"name":"wp","href":"https:\/\/api.w.org\/{rel}","templated":true}]}}