{"id":94523,"date":"2019-05-10T17:22:04","date_gmt":"2019-05-10T20:22:04","guid":{"rendered":"http:\/\/www.caririemacao.com\/1\/?p=94523"},"modified":"2019-05-10T17:22:04","modified_gmt":"2019-05-10T20:22:04","slug":"meteorologista-preve-chuvas-ate-o-fim-de-semana-para-o-cariri-e-outras-regioes-da-paraiba","status":"publish","type":"post","link":"https:\/\/www.caririemacao.com\/1\/2019\/05\/10\/meteorologista-preve-chuvas-ate-o-fim-de-semana-para-o-cariri-e-outras-regioes-da-paraiba\/","title":{"rendered":"Meteorologista prev\u00ea chuvas at\u00e9 o fim de semana para o Cariri e outras regi\u00f5es da Para\u00edba"},"content":{"rendered":"\n<p>A Ag\u00eancia Executiva de Gest\u00e3o de \u00c1gua da Para\u00edba (Aesa) divulgou mais um balan\u00e7o meteorol\u00f3gico, onde destaca que no Agreste, Brejo e Litoral paraibano, a previs\u00e3o \u00e9 de chuvas esparsas at\u00e9 o pr\u00f3ximo domingo.<\/p>\n\n\n\n<p>Segundo a meteorologista da Ag\u00eancia Executiva de Gest\u00e3o das \u00c1guas da Para\u00edba (Aesa), Marle Bandeira, o per\u00edodo de abril a julho se caracteriza por ser os meses mais chuvosos do ano no Nordeste. \u201cAinda estamos no outono e o inverno tem in\u00edcio em junho, quando as temperaturas tendem a ser mais baixas por conta das chuvas\u201d, explicou a meteorologista.<\/p>\n\n\n\n<p>Segundo dados da Aesa, amanh\u00e3 o tempo deve permanecer com nebulosidade vari\u00e1vel e chuvas localizadas no Litoral, Brejo e Agreste, com o tempo parcialmente nublado, podendo ocorrer pancadas de chuvas.<\/p>\n\n\n\n<p>A previs\u00e3o para Cariri e Curimata\u00fa \u00e9 de nebulosidade vari\u00e1vel, podendo ocorrer pancadas de chuva entre a tarde e noite. Enquanto no Sert\u00e3o e Alto Sert\u00e3o, o tempo deve ser de nebulosidade vari\u00e1vel com chuvas no fim do dia.<\/p>\n\n\n\n<p>No Litoral, a previs\u00e3o para o fim de semana \u00e9 de perspectivas de chuvas esparsas durante o dia e \u00e0 noite. No s\u00e1bado, a temperatura tende a variar entre 24\u00b0C e 30\u00b0C e no domingo, a previs\u00e3o \u00e9 de 23\u00b0C e 30\u00b0C. Em Campina Grande, a previs\u00e3o at\u00e9 o final de semana tamb\u00e9m \u00e9 de pancadas de chuva \u00e0 tarde e \u00e0 noite. As temperaturas tendem a variar entre 22\u00b0C e 32\u00b0C.<\/p>\n","protected":false},"excerpt":{"rendered":"<p>A Ag\u00eancia Executiva de Gest\u00e3o de \u00c1gua da Para\u00edba (Aesa) divulgou mais um balan\u00e7o meteorol\u00f3gico, onde destaca que no Agreste, Brejo e Litoral paraibano, a&hellip; <\/p>\n","protected":false},"author":1,"featured_media":40521,"comment_status":"closed","ping_status":"closed","sticky":false,"template":"","format":"standard","meta":{"sfsi_plus_gutenberg_text_before_share":"","sfsi_plus_gutenberg_show_text_before_share":"","sfsi_plus_gutenberg_icon_type":"","sfsi_plus_gutenberg_icon_alignemt":"","sfsi_plus_gutenburg_max_per_row":"","footnotes":""},"categories":[50,2],"tags":[],"class_list":["post-94523","post","type-post","status-publish","format-standard","has-post-thumbnail","hentry","category-destaque","category-geral"],"_links":{"self":[{"href":"https:\/\/www.caririemacao.com\/1\/wp-json\/wp\/v2\/posts\/94523","targetHints":{"allow":["GET"]}}],"collection":[{"href":"https:\/\/www.caririemacao.com\/1\/wp-json\/wp\/v2\/posts"}],"about":[{"href":"https:\/\/www.caririemacao.com\/1\/wp-json\/wp\/v2\/types\/post"}],"author":[{"embeddable":true,"href":"https:\/\/www.caririemacao.com\/1\/wp-json\/wp\/v2\/users\/1"}],"replies":[{"embeddable":true,"href":"https:\/\/www.caririemacao.com\/1\/wp-json\/wp\/v2\/comments?post=94523"}],"version-history":[{"count":1,"href":"https:\/\/www.caririemacao.com\/1\/wp-json\/wp\/v2\/posts\/94523\/revisions"}],"predecessor-version":[{"id":94524,"href":"https:\/\/www.caririemacao.com\/1\/wp-json\/wp\/v2\/posts\/94523\/revisions\/94524"}],"wp:featuredmedia":[{"embeddable":true,"href":"https:\/\/www.caririemacao.com\/1\/wp-json\/wp\/v2\/media\/40521"}],"wp:attachment":[{"href":"https:\/\/www.caririemacao.com\/1\/wp-json\/wp\/v2\/media?parent=94523"}],"wp:term":[{"taxonomy":"category","embeddable":true,"href":"https:\/\/www.caririemacao.com\/1\/wp-json\/wp\/v2\/categories?post=94523"},{"taxonomy":"post_tag","embeddable":true,"href":"https:\/\/www.caririemacao.com\/1\/wp-json\/wp\/v2\/tags?post=94523"}],"curies":[{"name":"wp","href":"https:\/\/api.w.org\/{rel}","templated":true}]}}