{"id":94527,"date":"2019-05-10T17:24:07","date_gmt":"2019-05-10T20:24:07","guid":{"rendered":"http:\/\/www.caririemacao.com\/1\/?p=94527"},"modified":"2019-05-10T17:24:07","modified_gmt":"2019-05-10T20:24:07","slug":"bbc-exibe-a-segunda-entrevista-com-ex-presidente-lula-nesta-sexta","status":"publish","type":"post","link":"https:\/\/www.caririemacao.com\/1\/2019\/05\/10\/bbc-exibe-a-segunda-entrevista-com-ex-presidente-lula-nesta-sexta\/","title":{"rendered":"BBC exibe a segunda entrevista com ex-presidente Lula nesta sexta"},"content":{"rendered":"\n<p>Vai ao ar nesta sexta-feira (10), \u00e0s 22h30 (2h30 no hor\u00e1rio de Londres), pelo canal da BBC World News na internet, a segunda entrevista concedida por Luiz In\u00e1cio Lula da Silva. O ex-presidente est\u00e1 preso, h\u00e1 pouco mais de um ano, na Superintend\u00eancia da Pol\u00edcia Federal, em Curitiba.<br><\/p>\n\n\n\n<p>Mediada pelo jornalista Kennedy Alencar, a conversa intitulada Lula: Atr\u00e1s das grades faz parte do projeto do canal brit\u00e2nico que ser\u00e1 reprisado ainda no s\u00e1bado, domingo e na ter\u00e7a-feira (14) ao longo da programa\u00e7\u00e3o internacional da emissora.<\/p>\n\n\n\n<p>Inicialmente, a entrevista gravada desde o dia 3, seria divulgada no Brasil pela RedeTV! no s\u00e1bado (4). Mas, \u00e0s v\u00e9speras, a emissora abriu m\u00e3o de exibir qualquer trecho da conversa, apesar de ter ingressado na Justi\u00e7a com pedido para entrevistar o ex-presidente.&nbsp;<\/p>\n\n\n\n<p>O jornalista Kennedy Alencar alegou que, por integrar um projeto da BBC World News, a emissora brit\u00e2nica teria a exclusividade da conversa. Ainda de acordo com Alencar, seu blog publicar\u00e1 a \u00edntegra em texto e v\u00eddeo do conte\u00fado.<\/p>\n\n\n\n<p>Essa \u00e9 a segunda entrevista com o ex-presidente ap\u00f3s diversos pedidos judiciais para falar com Lula. No final de abril, os jornais Folha de S.Paulo e El Pa\u00eds, divulgaram a conversa, com duas horas de dura\u00e7\u00e3o, mediada pelos jornalistas Monica Bergamo e Florestan Fernandes Junior. A entrevista bateu recordes de audi\u00eancia no mundo todo.&nbsp;<\/p>\n\n\n\n<p>Aparentemente mais magro e reafirmando sua irrita\u00e7\u00e3o com a maneira como foi julgado o processo que o levou \u00e0 pris\u00e3o, o petista refor\u00e7a estar disposto a provar sua inoc\u00eancia e n\u00e3o poupou de cr\u00edticas \u00e0 atua\u00e7\u00e3o do ent\u00e3o juiz S\u00e9rgio Moro e do procurador Deltan Dallagnol. &#8220;Tomei a decis\u00e3o de que meu lugar era aqui. Tenho tanta obsess\u00e3o de desmascarar o Moro, o Dallagnol e sua turma que eu ficarei preso 100 anos, mas n\u00e3o trocarei minha dignidade pela liberdade&#8221;, destacou Lula.<\/p>\n\n\n\n<p>A entrevista chamou a aten\u00e7\u00e3o de especialistas pela capacidade de an\u00e1lise do ex-presidente que lamentou o que considera &#8220;avacalha\u00e7\u00e3o&#8221; do pa\u00eds com os mais pobres sofrendo injusti\u00e7as.<\/p>\n","protected":false},"excerpt":{"rendered":"<p>Vai ao ar nesta sexta-feira (10), \u00e0s 22h30 (2h30 no hor\u00e1rio de Londres), pelo canal da BBC World News na internet, a segunda entrevista concedida&hellip; <\/p>\n","protected":false},"author":1,"featured_media":90588,"comment_status":"closed","ping_status":"closed","sticky":false,"template":"","format":"standard","meta":{"sfsi_plus_gutenberg_text_before_share":"","sfsi_plus_gutenberg_show_text_before_share":"","sfsi_plus_gutenberg_icon_type":"","sfsi_plus_gutenberg_icon_alignemt":"","sfsi_plus_gutenburg_max_per_row":"","footnotes":""},"categories":[11],"tags":[],"class_list":["post-94527","post","type-post","status-publish","format-standard","has-post-thumbnail","hentry","category-politica"],"_links":{"self":[{"href":"https:\/\/www.caririemacao.com\/1\/wp-json\/wp\/v2\/posts\/94527","targetHints":{"allow":["GET"]}}],"collection":[{"href":"https:\/\/www.caririemacao.com\/1\/wp-json\/wp\/v2\/posts"}],"about":[{"href":"https:\/\/www.caririemacao.com\/1\/wp-json\/wp\/v2\/types\/post"}],"author":[{"embeddable":true,"href":"https:\/\/www.caririemacao.com\/1\/wp-json\/wp\/v2\/users\/1"}],"replies":[{"embeddable":true,"href":"https:\/\/www.caririemacao.com\/1\/wp-json\/wp\/v2\/comments?post=94527"}],"version-history":[{"count":1,"href":"https:\/\/www.caririemacao.com\/1\/wp-json\/wp\/v2\/posts\/94527\/revisions"}],"predecessor-version":[{"id":94528,"href":"https:\/\/www.caririemacao.com\/1\/wp-json\/wp\/v2\/posts\/94527\/revisions\/94528"}],"wp:featuredmedia":[{"embeddable":true,"href":"https:\/\/www.caririemacao.com\/1\/wp-json\/wp\/v2\/media\/90588"}],"wp:attachment":[{"href":"https:\/\/www.caririemacao.com\/1\/wp-json\/wp\/v2\/media?parent=94527"}],"wp:term":[{"taxonomy":"category","embeddable":true,"href":"https:\/\/www.caririemacao.com\/1\/wp-json\/wp\/v2\/categories?post=94527"},{"taxonomy":"post_tag","embeddable":true,"href":"https:\/\/www.caririemacao.com\/1\/wp-json\/wp\/v2\/tags?post=94527"}],"curies":[{"name":"wp","href":"https:\/\/api.w.org\/{rel}","templated":true}]}}