{"id":94533,"date":"2019-05-10T17:26:32","date_gmt":"2019-05-10T20:26:32","guid":{"rendered":"http:\/\/www.caririemacao.com\/1\/?p=94533"},"modified":"2019-05-10T17:26:32","modified_gmt":"2019-05-10T20:26:32","slug":"gripe-ja-matou-99-pessoas-no-brasil-vacinacao-segue-ate-31-de-maio","status":"publish","type":"post","link":"https:\/\/www.caririemacao.com\/1\/2019\/05\/10\/gripe-ja-matou-99-pessoas-no-brasil-vacinacao-segue-ate-31-de-maio\/","title":{"rendered":"Gripe j\u00e1 matou 99 pessoas no Brasil; vacina\u00e7\u00e3o segue at\u00e9 31 de maio"},"content":{"rendered":"\n<p>At\u00e9 27 de abril, pelo menos 535 pessoas foram hospitalizadas este ano no Brasil por s\u00edndrome respirat\u00f3ria aguda grave causada por influenza e 99 morreram em decorr\u00eancia do quadro.<\/p>\n\n\n\n<p>De acordo com o Minist\u00e9rio da Sa\u00fade, do total de \u00f3bitos, 90% ocorreram em pessoas que j\u00e1 apresentavam fatores de risco para a gripe, como idosos, pacientes com doen\u00e7a cr\u00f4nica, crian\u00e7as, gestantes, ind\u00edgenas e pu\u00e9rperas.<\/p>\n\n\n\n<p>O novo boletim epidemiol\u00f3gico revela que o v\u00edrus H1N1 \u00e9 predominante no pa\u00eds, at\u00e9 o momento, e respons\u00e1vel pela maior parte das mortes por influenza \u2013 sozinho, ele responde por 254 casos e 89 \u00f3bitos. Foram identificados ainda 54 casos de influenza A (H3N2); 38 de influenza A n\u00e3o subtipado; e 62 casos de influenza B. Outros 127 casos, segundo a pasta, ainda n\u00e3o tiveram o subtipo identificado.<\/p>\n\n\n\n<p>Ainda de acordo com o levantamento, nos primeiros meses de 2019, a circula\u00e7\u00e3o de v\u00edrus do tipo influenza se deu com maior intensidade e de forma localizada no Amazonas, que registrou 139 casos e 35 \u00f3bitos. O estado de S\u00e3o Paulo tamb\u00e9m se destaca, com 107 casos e 7 \u00f3bitos.<\/p>\n\n\n\n<p>Outros estados registraram mortes s\u00e3o: Paran\u00e1 (11); Par\u00e1 (7); Esp\u00edrito Santo (6); Tocantins (5); Rio Grande do Norte (4); Cear\u00e1 (3); Rond\u00f4nia (3); Acre (2); Alagoas (2); Sergipe (2); Rio de Janeiro (2); Santa Catarina (2); Mato Grosso do Sul (2); Amap\u00e1 (1); Bahia (1); Minas Gerais (1); Rio Grande do Sul (1); Mato Grosso do Sul (1), al\u00e9m do Distrito Federal (1).<\/p>\n\n\n\n<p><strong>Campanha<\/strong><\/p>\n\n\n\n<p>A Campanha Nacional de Vacina\u00e7\u00e3o contra a Influenza come\u00e7ou no dia 10 de abril e segue at\u00e9 31 de maio em todo o pa\u00eds. Devem receber a dose trabalhadores da sa\u00fade; ind\u00edgenas; idosos; professores; pessoas com doen\u00e7as cr\u00f4nicas e outras categorias de risco cl\u00ednico; popula\u00e7\u00e3o privada de liberdade, incluindo jovens de 12 a 21 anos sob medidas socioeducativas; funcion\u00e1rios do sistema prisional; e profissionais das for\u00e7as de seguran\u00e7a e salvamento.<\/p>\n\n\n\n<p>O \u00faltimo balan\u00e7o da vacina\u00e7\u00e3o mostra que, at\u00e9 a \u00faltima ter\u00e7a-feira (7), 45,3% da popula\u00e7\u00e3o priorit\u00e1ria havia sido imunizada. Entre os grupos, as pu\u00e9rperas registraram maior cobertura vacinal (64,3%), seguido por idosos (52,5%), gestantes (51,2%), crian\u00e7as (48%) e ind\u00edgenas (45,1%).<\/p>\n\n\n\n<p>Os grupos que menos se vacinaram foram profissionais das for\u00e7as de seguran\u00e7a e salvamento (10,9%), popula\u00e7\u00e3o privada de liberdade (11,9%), pessoas com comorbidades (34,3%), funcion\u00e1rios do sistema prisional (35,8%), trabalhadores de sa\u00fade (40,3%) e professores (41,2%).<\/p>\n","protected":false},"excerpt":{"rendered":"<p>At\u00e9 27 de abril, pelo menos 535 pessoas foram hospitalizadas este ano no Brasil por s\u00edndrome respirat\u00f3ria aguda grave causada por influenza e 99 morreram&hellip; <\/p>\n","protected":false},"author":1,"featured_media":84564,"comment_status":"closed","ping_status":"closed","sticky":false,"template":"","format":"standard","meta":{"sfsi_plus_gutenberg_text_before_share":"","sfsi_plus_gutenberg_show_text_before_share":"","sfsi_plus_gutenberg_icon_type":"","sfsi_plus_gutenberg_icon_alignemt":"","sfsi_plus_gutenburg_max_per_row":"","footnotes":""},"categories":[50,16],"tags":[],"class_list":["post-94533","post","type-post","status-publish","format-standard","has-post-thumbnail","hentry","category-destaque","category-saude"],"_links":{"self":[{"href":"https:\/\/www.caririemacao.com\/1\/wp-json\/wp\/v2\/posts\/94533","targetHints":{"allow":["GET"]}}],"collection":[{"href":"https:\/\/www.caririemacao.com\/1\/wp-json\/wp\/v2\/posts"}],"about":[{"href":"https:\/\/www.caririemacao.com\/1\/wp-json\/wp\/v2\/types\/post"}],"author":[{"embeddable":true,"href":"https:\/\/www.caririemacao.com\/1\/wp-json\/wp\/v2\/users\/1"}],"replies":[{"embeddable":true,"href":"https:\/\/www.caririemacao.com\/1\/wp-json\/wp\/v2\/comments?post=94533"}],"version-history":[{"count":1,"href":"https:\/\/www.caririemacao.com\/1\/wp-json\/wp\/v2\/posts\/94533\/revisions"}],"predecessor-version":[{"id":94534,"href":"https:\/\/www.caririemacao.com\/1\/wp-json\/wp\/v2\/posts\/94533\/revisions\/94534"}],"wp:featuredmedia":[{"embeddable":true,"href":"https:\/\/www.caririemacao.com\/1\/wp-json\/wp\/v2\/media\/84564"}],"wp:attachment":[{"href":"https:\/\/www.caririemacao.com\/1\/wp-json\/wp\/v2\/media?parent=94533"}],"wp:term":[{"taxonomy":"category","embeddable":true,"href":"https:\/\/www.caririemacao.com\/1\/wp-json\/wp\/v2\/categories?post=94533"},{"taxonomy":"post_tag","embeddable":true,"href":"https:\/\/www.caririemacao.com\/1\/wp-json\/wp\/v2\/tags?post=94533"}],"curies":[{"name":"wp","href":"https:\/\/api.w.org\/{rel}","templated":true}]}}