{"id":94537,"date":"2019-05-10T17:30:52","date_gmt":"2019-05-10T20:30:52","guid":{"rendered":"http:\/\/www.caririemacao.com\/1\/?p=94537"},"modified":"2019-05-10T17:30:52","modified_gmt":"2019-05-10T20:30:52","slug":"stf-pede-informacoes-ao-governo-sobre-decreto-de-armas","status":"publish","type":"post","link":"https:\/\/www.caririemacao.com\/1\/2019\/05\/10\/stf-pede-informacoes-ao-governo-sobre-decreto-de-armas\/","title":{"rendered":"STF pede informa\u00e7\u00f5es ao governo sobre decreto de armas"},"content":{"rendered":"\n<p>A ministra do Supremo Tribunal Federal (STF) Rosa Weber pediu informa\u00e7\u00f5es ao governo sobre o Decreto Presidencial n\u00ba 9.785\/2019, que altera a regulamenta\u00e7\u00e3o do Estatuto do Desarmamento (Lei n\u00ba 10.826\/2016). A medida muda regras sobre aquisi\u00e7\u00e3o, cadastro, registro, posse, porte e comercializa\u00e7\u00e3o de armas de fogo.<\/p>\n\n\n\n<p>Em seu despacho, Rosa Weber d\u00e1 o prazo de cinco dias para que o presidente Jair Bolsonaro e o ministro da Justi\u00e7a e Seguran\u00e7a P\u00fablica, Sergio Moro, deem explica\u00e7\u00f5es sobre o decreto que flexibiliza a posse e facilita o porte de armas, assinado na ter\u00e7a-feira (7).<\/p>\n","protected":false},"excerpt":{"rendered":"<p>A ministra do Supremo Tribunal Federal (STF) Rosa Weber pediu informa\u00e7\u00f5es ao governo sobre o Decreto Presidencial n\u00ba 9.785\/2019, que altera a regulamenta\u00e7\u00e3o do Estatuto&hellip; <\/p>\n","protected":false},"author":1,"featured_media":89145,"comment_status":"closed","ping_status":"closed","sticky":false,"template":"","format":"standard","meta":{"sfsi_plus_gutenberg_text_before_share":"","sfsi_plus_gutenberg_show_text_before_share":"","sfsi_plus_gutenberg_icon_type":"","sfsi_plus_gutenberg_icon_alignemt":"","sfsi_plus_gutenburg_max_per_row":"","footnotes":""},"categories":[11],"tags":[],"class_list":["post-94537","post","type-post","status-publish","format-standard","has-post-thumbnail","hentry","category-politica"],"_links":{"self":[{"href":"https:\/\/www.caririemacao.com\/1\/wp-json\/wp\/v2\/posts\/94537","targetHints":{"allow":["GET"]}}],"collection":[{"href":"https:\/\/www.caririemacao.com\/1\/wp-json\/wp\/v2\/posts"}],"about":[{"href":"https:\/\/www.caririemacao.com\/1\/wp-json\/wp\/v2\/types\/post"}],"author":[{"embeddable":true,"href":"https:\/\/www.caririemacao.com\/1\/wp-json\/wp\/v2\/users\/1"}],"replies":[{"embeddable":true,"href":"https:\/\/www.caririemacao.com\/1\/wp-json\/wp\/v2\/comments?post=94537"}],"version-history":[{"count":1,"href":"https:\/\/www.caririemacao.com\/1\/wp-json\/wp\/v2\/posts\/94537\/revisions"}],"predecessor-version":[{"id":94538,"href":"https:\/\/www.caririemacao.com\/1\/wp-json\/wp\/v2\/posts\/94537\/revisions\/94538"}],"wp:featuredmedia":[{"embeddable":true,"href":"https:\/\/www.caririemacao.com\/1\/wp-json\/wp\/v2\/media\/89145"}],"wp:attachment":[{"href":"https:\/\/www.caririemacao.com\/1\/wp-json\/wp\/v2\/media?parent=94537"}],"wp:term":[{"taxonomy":"category","embeddable":true,"href":"https:\/\/www.caririemacao.com\/1\/wp-json\/wp\/v2\/categories?post=94537"},{"taxonomy":"post_tag","embeddable":true,"href":"https:\/\/www.caririemacao.com\/1\/wp-json\/wp\/v2\/tags?post=94537"}],"curies":[{"name":"wp","href":"https:\/\/api.w.org\/{rel}","templated":true}]}}