{"id":94547,"date":"2019-05-11T06:08:56","date_gmt":"2019-05-11T09:08:56","guid":{"rendered":"http:\/\/www.caririemacao.com\/1\/?p=94547"},"modified":"2019-05-11T06:08:56","modified_gmt":"2019-05-11T09:08:56","slug":"camara-do-congo-aprova-projeto-que-torna-a-festa-de-padroeira-santa-ana-um-patrimonio-cultural-imaterial","status":"publish","type":"post","link":"https:\/\/www.caririemacao.com\/1\/2019\/05\/11\/camara-do-congo-aprova-projeto-que-torna-a-festa-de-padroeira-santa-ana-um-patrimonio-cultural-imaterial\/","title":{"rendered":"C\u00e2mara do Congo aprova projeto que torna a Festa de Padroeira Santa Ana um Patrim\u00f4nio Cultural Imaterial"},"content":{"rendered":"\n<p>A C\u00e2mara Municipal de Congo aprovou durante a reuni\u00e3o na\nnoite desta quinta-feira, dia 09, dois projetos de lei de autoria do Poder\nExecutivo.<\/p>\n\n\n\n<p>O primeiro PL trata sobre a Lei de Diretrizes Or\u00e7ament\u00e1ria (LDO) que estabelece as diretrizes or\u00e7ament\u00e1rias para o exerc\u00edcio de 2020. Conforme o projeto, as prioridades e metas da administra\u00e7\u00e3o p\u00fablica municipal, a estrutura e organiza\u00e7\u00e3o do or\u00e7amento, as diretrizes para a elabora\u00e7\u00e3o e execu\u00e7\u00e3o do or\u00e7amento do Munic\u00edpio e suas anexa\u00e7\u00f5es, as disposi\u00e7\u00f5es relativas a d\u00edvida p\u00fablica municipal, as disposi\u00e7\u00f5es relativas \u00e0s despesas do munic\u00edpio com pessoal e encargos sociais e as disposi\u00e7\u00f5es sobre as altera\u00e7\u00f5es na legisla\u00e7\u00e3o tribut\u00e1ria do munic\u00edpio ser\u00e3o norteadas neste projeto. Devem ter prioridade os programas e obras que j\u00e1 estejam iniciados e n\u00e3o dever\u00e1 ser consignada dota\u00e7\u00e3o para investimento, com dura\u00e7\u00e3o superior a um exercido financeiro, que n\u00e3o esteja previsto no Plano Plurianual ou em lei que autorize sua inclus\u00e3o.<\/p>\n\n\n\n<figure class=\"wp-block-image\"><img fetchpriority=\"high\" decoding=\"async\" width=\"1024\" height=\"678\" src=\"http:\/\/www.caririemacao.com\/1\/wp-content\/uploads\/2019\/05\/WhatsApp-Image-2019-05-10-at-06.32.18-1024x678.jpeg\" alt=\"\" class=\"wp-image-94549\" srcset=\"https:\/\/www.caririemacao.com\/1\/wp-content\/uploads\/2019\/05\/WhatsApp-Image-2019-05-10-at-06.32.18-1024x678.jpeg 1024w, https:\/\/www.caririemacao.com\/1\/wp-content\/uploads\/2019\/05\/WhatsApp-Image-2019-05-10-at-06.32.18-300x199.jpeg 300w, https:\/\/www.caririemacao.com\/1\/wp-content\/uploads\/2019\/05\/WhatsApp-Image-2019-05-10-at-06.32.18-768x508.jpeg 768w, https:\/\/www.caririemacao.com\/1\/wp-content\/uploads\/2019\/05\/WhatsApp-Image-2019-05-10-at-06.32.18.jpeg 1280w\" sizes=\"(max-width: 1024px) 100vw, 1024px\" \/><\/figure>\n\n\n\n<p>J\u00e1 no segundo PL, segundo o presidente Lenilson, transforma a Festa de Padroeira Santa Ana um Patrim\u00f4nio Cultural Imaterial, um festa tradicional e que acontece desde 1775. O evento compreende os 09 (nove) dias que antecedem o encerramento das festividades ao final de cada m\u00eas de julho. Para o projeto se tornar lei necessidade da san\u00e7\u00e3o do prefeito do munic\u00edpio.<\/p>\n\n\n\n<figure class=\"wp-block-image\"><img decoding=\"async\" width=\"1024\" height=\"678\" data-src=\"http:\/\/www.caririemacao.com\/1\/wp-content\/uploads\/2019\/05\/WhatsApp-Image-2019-05-10-at-06.31.19-1-1024x678.jpeg\" alt=\"\" class=\"wp-image-94550 lazyload\" data-srcset=\"https:\/\/www.caririemacao.com\/1\/wp-content\/uploads\/2019\/05\/WhatsApp-Image-2019-05-10-at-06.31.19-1-1024x678.jpeg 1024w, https:\/\/www.caririemacao.com\/1\/wp-content\/uploads\/2019\/05\/WhatsApp-Image-2019-05-10-at-06.31.19-1-300x199.jpeg 300w, https:\/\/www.caririemacao.com\/1\/wp-content\/uploads\/2019\/05\/WhatsApp-Image-2019-05-10-at-06.31.19-1-768x508.jpeg 768w, https:\/\/www.caririemacao.com\/1\/wp-content\/uploads\/2019\/05\/WhatsApp-Image-2019-05-10-at-06.31.19-1.jpeg 1280w\" data-sizes=\"(max-width: 1024px) 100vw, 1024px\" src=\"data:image\/svg+xml;base64,PHN2ZyB3aWR0aD0iMSIgaGVpZ2h0PSIxIiB4bWxucz0iaHR0cDovL3d3dy53My5vcmcvMjAwMC9zdmciPjwvc3ZnPg==\" style=\"--smush-placeholder-width: 1024px; --smush-placeholder-aspect-ratio: 1024\/678;\" \/><\/figure>\n\n\n\n<p>Vale destacar que a sess\u00e3o contou com a presen\u00e7a do padre Gustavo e de v\u00e1rios fi\u00e9is da Igreja Cat\u00f3lica.<\/p>\n\n\n\n<figure class=\"wp-block-image\"><img decoding=\"async\" width=\"1024\" height=\"678\" data-src=\"http:\/\/www.caririemacao.com\/1\/wp-content\/uploads\/2019\/05\/WhatsApp-Image-2019-05-10-at-06.31.14-1-1024x678.jpeg\" alt=\"\" class=\"wp-image-94551 lazyload\" data-srcset=\"https:\/\/www.caririemacao.com\/1\/wp-content\/uploads\/2019\/05\/WhatsApp-Image-2019-05-10-at-06.31.14-1-1024x678.jpeg 1024w, https:\/\/www.caririemacao.com\/1\/wp-content\/uploads\/2019\/05\/WhatsApp-Image-2019-05-10-at-06.31.14-1-300x199.jpeg 300w, https:\/\/www.caririemacao.com\/1\/wp-content\/uploads\/2019\/05\/WhatsApp-Image-2019-05-10-at-06.31.14-1-768x508.jpeg 768w, https:\/\/www.caririemacao.com\/1\/wp-content\/uploads\/2019\/05\/WhatsApp-Image-2019-05-10-at-06.31.14-1.jpeg 1280w\" data-sizes=\"(max-width: 1024px) 100vw, 1024px\" src=\"data:image\/svg+xml;base64,PHN2ZyB3aWR0aD0iMSIgaGVpZ2h0PSIxIiB4bWxucz0iaHR0cDovL3d3dy53My5vcmcvMjAwMC9zdmciPjwvc3ZnPg==\" style=\"--smush-placeholder-width: 1024px; --smush-placeholder-aspect-ratio: 1024\/678;\" \/><figcaption><a href=\"https:\/\/www.facebook.com\/pg\/CaririEmAcao\/photos\/?tab=album&amp;album_id=1542992802503404\">VEJA MAIS FOTOS. CLIQUE NESTE LINK.<\/a><\/figcaption><\/figure>\n","protected":false},"excerpt":{"rendered":"<p>A C\u00e2mara Municipal de Congo aprovou durante a reuni\u00e3o na noite desta quinta-feira, dia 09, dois projetos de lei de autoria do Poder Executivo. O&hellip; <\/p>\n","protected":false},"author":2,"featured_media":94548,"comment_status":"closed","ping_status":"closed","sticky":false,"template":"","format":"standard","meta":{"sfsi_plus_gutenberg_text_before_share":"","sfsi_plus_gutenberg_show_text_before_share":"","sfsi_plus_gutenberg_icon_type":"","sfsi_plus_gutenberg_icon_alignemt":"","sfsi_plus_gutenburg_max_per_row":"","footnotes":""},"categories":[6,50],"tags":[],"class_list":["post-94547","post","type-post","status-publish","format-standard","has-post-thumbnail","hentry","category-cidades","category-destaque"],"_links":{"self":[{"href":"https:\/\/www.caririemacao.com\/1\/wp-json\/wp\/v2\/posts\/94547","targetHints":{"allow":["GET"]}}],"collection":[{"href":"https:\/\/www.caririemacao.com\/1\/wp-json\/wp\/v2\/posts"}],"about":[{"href":"https:\/\/www.caririemacao.com\/1\/wp-json\/wp\/v2\/types\/post"}],"author":[{"embeddable":true,"href":"https:\/\/www.caririemacao.com\/1\/wp-json\/wp\/v2\/users\/2"}],"replies":[{"embeddable":true,"href":"https:\/\/www.caririemacao.com\/1\/wp-json\/wp\/v2\/comments?post=94547"}],"version-history":[{"count":1,"href":"https:\/\/www.caririemacao.com\/1\/wp-json\/wp\/v2\/posts\/94547\/revisions"}],"predecessor-version":[{"id":94552,"href":"https:\/\/www.caririemacao.com\/1\/wp-json\/wp\/v2\/posts\/94547\/revisions\/94552"}],"wp:featuredmedia":[{"embeddable":true,"href":"https:\/\/www.caririemacao.com\/1\/wp-json\/wp\/v2\/media\/94548"}],"wp:attachment":[{"href":"https:\/\/www.caririemacao.com\/1\/wp-json\/wp\/v2\/media?parent=94547"}],"wp:term":[{"taxonomy":"category","embeddable":true,"href":"https:\/\/www.caririemacao.com\/1\/wp-json\/wp\/v2\/categories?post=94547"},{"taxonomy":"post_tag","embeddable":true,"href":"https:\/\/www.caririemacao.com\/1\/wp-json\/wp\/v2\/tags?post=94547"}],"curies":[{"name":"wp","href":"https:\/\/api.w.org\/{rel}","templated":true}]}}