{"id":94553,"date":"2019-05-11T07:01:42","date_gmt":"2019-05-11T10:01:42","guid":{"rendered":"http:\/\/www.caririemacao.com\/1\/?p=94553"},"modified":"2019-05-11T07:01:42","modified_gmt":"2019-05-11T10:01:42","slug":"prefeitura-de-ouro-velho-divulga-programacao-completa-do-sao-joao-de-junho","status":"publish","type":"post","link":"https:\/\/www.caririemacao.com\/1\/2019\/05\/11\/prefeitura-de-ouro-velho-divulga-programacao-completa-do-sao-joao-de-junho\/","title":{"rendered":"Prefeitura de Ouro Velho divulga programa\u00e7\u00e3o completa do S\u00e3o Jo\u00e3o de Junho"},"content":{"rendered":"\n<p>Prefeitura de Ouro Velho divulgou nesta sexta feira as atra\u00e7\u00f5es do S\u00e3o Jo\u00e3o de Junho, que ocorreram nos dias 13, 14 e 15.<\/p>\n\n\n\n<p>Confira as atra\u00e7\u00f5es:<\/p>\n\n\n\n<p>Dia 13- Mano Walter, Pedro Ernesto e Jackson Monteiro<\/p>\n\n\n\n<p>Dia 14- K\u00e1tia Cilene e Pedrinho Pega\u00e7\u00e3o<\/p>\n\n\n\n<p>Dia 15- Amigos Sertanejos e Forr\u00f3 Mel com Terra<\/p>\n\n\n\n<p>Pol\u00edtica Parahyba<\/p>\n","protected":false},"excerpt":{"rendered":"<p>Prefeitura de Ouro Velho divulgou nesta sexta feira as atra\u00e7\u00f5es do S\u00e3o Jo\u00e3o de Junho, que ocorreram nos dias 13, 14 e 15. Confira as&hellip; <\/p>\n","protected":false},"author":1,"featured_media":94554,"comment_status":"closed","ping_status":"closed","sticky":false,"template":"","format":"standard","meta":{"sfsi_plus_gutenberg_text_before_share":"","sfsi_plus_gutenberg_show_text_before_share":"","sfsi_plus_gutenberg_icon_type":"","sfsi_plus_gutenberg_icon_alignemt":"","sfsi_plus_gutenburg_max_per_row":"","footnotes":""},"categories":[6,50],"tags":[],"class_list":["post-94553","post","type-post","status-publish","format-standard","has-post-thumbnail","hentry","category-cidades","category-destaque"],"_links":{"self":[{"href":"https:\/\/www.caririemacao.com\/1\/wp-json\/wp\/v2\/posts\/94553","targetHints":{"allow":["GET"]}}],"collection":[{"href":"https:\/\/www.caririemacao.com\/1\/wp-json\/wp\/v2\/posts"}],"about":[{"href":"https:\/\/www.caririemacao.com\/1\/wp-json\/wp\/v2\/types\/post"}],"author":[{"embeddable":true,"href":"https:\/\/www.caririemacao.com\/1\/wp-json\/wp\/v2\/users\/1"}],"replies":[{"embeddable":true,"href":"https:\/\/www.caririemacao.com\/1\/wp-json\/wp\/v2\/comments?post=94553"}],"version-history":[{"count":1,"href":"https:\/\/www.caririemacao.com\/1\/wp-json\/wp\/v2\/posts\/94553\/revisions"}],"predecessor-version":[{"id":94555,"href":"https:\/\/www.caririemacao.com\/1\/wp-json\/wp\/v2\/posts\/94553\/revisions\/94555"}],"wp:featuredmedia":[{"embeddable":true,"href":"https:\/\/www.caririemacao.com\/1\/wp-json\/wp\/v2\/media\/94554"}],"wp:attachment":[{"href":"https:\/\/www.caririemacao.com\/1\/wp-json\/wp\/v2\/media?parent=94553"}],"wp:term":[{"taxonomy":"category","embeddable":true,"href":"https:\/\/www.caririemacao.com\/1\/wp-json\/wp\/v2\/categories?post=94553"},{"taxonomy":"post_tag","embeddable":true,"href":"https:\/\/www.caririemacao.com\/1\/wp-json\/wp\/v2\/tags?post=94553"}],"curies":[{"name":"wp","href":"https:\/\/api.w.org\/{rel}","templated":true}]}}