{"id":94560,"date":"2019-05-11T07:03:38","date_gmt":"2019-05-11T10:03:38","guid":{"rendered":"http:\/\/www.caririemacao.com\/1\/?p=94560"},"modified":"2019-05-11T07:03:38","modified_gmt":"2019-05-11T10:03:38","slug":"prefeitura-de-zabele-realiza-vacinacao-contra-febre-aftosa","status":"publish","type":"post","link":"https:\/\/www.caririemacao.com\/1\/2019\/05\/11\/prefeitura-de-zabele-realiza-vacinacao-contra-febre-aftosa\/","title":{"rendered":"Prefeitura de Zabel\u00ea realiza vacina\u00e7\u00e3o contra febre aftosa"},"content":{"rendered":"\n<figure class=\"wp-block-image\"><a href=\"https:\/\/4.bp.blogspot.com\/-OT4aCHif2EU\/XNYR1Ih3FqI\/AAAAAAAAkmo\/P_2FN9a9reAUHI0iMclZPU76mw4SWaeewCLcBGAs\/s1600\/noticias4a0024cd24f74005cd1e56bd1c99e54c25189.jpg\"><img decoding=\"async\" data-src=\"https:\/\/4.bp.blogspot.com\/-OT4aCHif2EU\/XNYR1Ih3FqI\/AAAAAAAAkmo\/P_2FN9a9reAUHI0iMclZPU76mw4SWaeewCLcBGAs\/s280\/noticias4a0024cd24f74005cd1e56bd1c99e54c25189.jpg\" alt=\"\" src=\"data:image\/svg+xml;base64,PHN2ZyB3aWR0aD0iMSIgaGVpZ2h0PSIxIiB4bWxucz0iaHR0cDovL3d3dy53My5vcmcvMjAwMC9zdmciPjwvc3ZnPg==\" class=\"lazyload\" \/><\/a><\/figure>\n\n\n\n<p>Al\u00e9m de cuidar das pessoas, a Prefeitura de Zabel\u00ea, no Cariri Ocidental da Para\u00edba, tamb\u00e9m se preocupa com a cria\u00e7\u00e3o de animais e, atrav\u00e9s da secretaria municipal se Agricultura ,est\u00e1 realizando a vacina\u00e7\u00e3o contra a febre aftosa de todos os bovinos do munic\u00edpio.<br>O secret\u00e1rio municipal de Agricultura, Jos\u00e9 Jurandir, disse que a meta da gest\u00e3o \u00e9 vacinar todo o rebanho, de todas as idades, at\u00e9 o final deste m\u00eas.<br>Para isto, o secret\u00e1rio informou que a administra\u00e7\u00e3o municipal j\u00e1 disp\u00f5e de uma equipe para ir at\u00e9 o local na hip\u00f3tese do produtor rural n\u00e3o ter condi\u00e7\u00f5es de fazer a coleta das vacinas na sede do executivo zabeleense.<br>Mais de cem produtores rurais ir\u00e3o receber essa assist\u00eancia porque, segundo Jos\u00e9 Jurandir, a Prefeitura entende que ter um rebanho livre da zona de aftosa \u00e9 importante para a economia local e, tamb\u00e9m, \u00e9 uma forma de garantir mais sa\u00fade a sua popula\u00e7\u00e3o.<\/p>\n\n\n\n<p><strong>S\u00d3PB<\/strong><\/p>\n","protected":false},"excerpt":{"rendered":"<p>Al\u00e9m de cuidar das pessoas, a Prefeitura de Zabel\u00ea, no Cariri Ocidental da Para\u00edba, tamb\u00e9m se preocupa com a cria\u00e7\u00e3o de animais e, atrav\u00e9s da&hellip; <\/p>\n","protected":false},"author":1,"featured_media":49682,"comment_status":"closed","ping_status":"closed","sticky":false,"template":"","format":"standard","meta":{"sfsi_plus_gutenberg_text_before_share":"","sfsi_plus_gutenberg_show_text_before_share":"","sfsi_plus_gutenberg_icon_type":"","sfsi_plus_gutenberg_icon_alignemt":"","sfsi_plus_gutenburg_max_per_row":"","footnotes":""},"categories":[6],"tags":[],"class_list":["post-94560","post","type-post","status-publish","format-standard","has-post-thumbnail","hentry","category-cidades"],"_links":{"self":[{"href":"https:\/\/www.caririemacao.com\/1\/wp-json\/wp\/v2\/posts\/94560","targetHints":{"allow":["GET"]}}],"collection":[{"href":"https:\/\/www.caririemacao.com\/1\/wp-json\/wp\/v2\/posts"}],"about":[{"href":"https:\/\/www.caririemacao.com\/1\/wp-json\/wp\/v2\/types\/post"}],"author":[{"embeddable":true,"href":"https:\/\/www.caririemacao.com\/1\/wp-json\/wp\/v2\/users\/1"}],"replies":[{"embeddable":true,"href":"https:\/\/www.caririemacao.com\/1\/wp-json\/wp\/v2\/comments?post=94560"}],"version-history":[{"count":1,"href":"https:\/\/www.caririemacao.com\/1\/wp-json\/wp\/v2\/posts\/94560\/revisions"}],"predecessor-version":[{"id":94561,"href":"https:\/\/www.caririemacao.com\/1\/wp-json\/wp\/v2\/posts\/94560\/revisions\/94561"}],"wp:featuredmedia":[{"embeddable":true,"href":"https:\/\/www.caririemacao.com\/1\/wp-json\/wp\/v2\/media\/49682"}],"wp:attachment":[{"href":"https:\/\/www.caririemacao.com\/1\/wp-json\/wp\/v2\/media?parent=94560"}],"wp:term":[{"taxonomy":"category","embeddable":true,"href":"https:\/\/www.caririemacao.com\/1\/wp-json\/wp\/v2\/categories?post=94560"},{"taxonomy":"post_tag","embeddable":true,"href":"https:\/\/www.caririemacao.com\/1\/wp-json\/wp\/v2\/tags?post=94560"}],"curies":[{"name":"wp","href":"https:\/\/api.w.org\/{rel}","templated":true}]}}