{"id":94563,"date":"2019-05-11T07:07:19","date_gmt":"2019-05-11T10:07:19","guid":{"rendered":"http:\/\/www.caririemacao.com\/1\/?p=94563"},"modified":"2019-05-11T07:07:19","modified_gmt":"2019-05-11T10:07:19","slug":"governo-municipal-de-camalau-adquire-dois-tratores","status":"publish","type":"post","link":"https:\/\/www.caririemacao.com\/1\/2019\/05\/11\/governo-municipal-de-camalau-adquire-dois-tratores\/","title":{"rendered":"Governo Municipal de Camala\u00fa adquire dois tratores"},"content":{"rendered":"\n<p>O Governo Municipal de Camala\u00fa adquiriu dois tratores. Os dois tratores ir\u00e3o muito auxiliar nos trabalhos voltados principalmente para os agricultores do munic\u00edpio de Camala\u00fa.<\/p>\n\n\n\n<p>Com estes dois ve\u00edculos, o governo de Camala\u00fa na gest\u00e3o do prefeito Sandro M\u00f4co, chega a marca hist\u00f3rica de 13 ve\u00edculos adquiridos em pouco mais de 2 anos de governo.<\/p>\n\n\n\n<p>Uma a\u00e7\u00e3o que se fez necess\u00e1ria, pois ao assumir a prefeitura de Camala\u00fa, Sandro encontrou um frota praticamente toda sucateada.<\/p>\n","protected":false},"excerpt":{"rendered":"<p>O Governo Municipal de Camala\u00fa adquiriu dois tratores. Os dois tratores ir\u00e3o muito auxiliar nos trabalhos voltados principalmente para os agricultores do munic\u00edpio de Camala\u00fa.&hellip; <\/p>\n","protected":false},"author":1,"featured_media":94564,"comment_status":"closed","ping_status":"closed","sticky":false,"template":"","format":"standard","meta":{"sfsi_plus_gutenberg_text_before_share":"","sfsi_plus_gutenberg_show_text_before_share":"","sfsi_plus_gutenberg_icon_type":"","sfsi_plus_gutenberg_icon_alignemt":"","sfsi_plus_gutenburg_max_per_row":"","footnotes":""},"categories":[2],"tags":[],"class_list":["post-94563","post","type-post","status-publish","format-standard","has-post-thumbnail","hentry","category-geral"],"_links":{"self":[{"href":"https:\/\/www.caririemacao.com\/1\/wp-json\/wp\/v2\/posts\/94563","targetHints":{"allow":["GET"]}}],"collection":[{"href":"https:\/\/www.caririemacao.com\/1\/wp-json\/wp\/v2\/posts"}],"about":[{"href":"https:\/\/www.caririemacao.com\/1\/wp-json\/wp\/v2\/types\/post"}],"author":[{"embeddable":true,"href":"https:\/\/www.caririemacao.com\/1\/wp-json\/wp\/v2\/users\/1"}],"replies":[{"embeddable":true,"href":"https:\/\/www.caririemacao.com\/1\/wp-json\/wp\/v2\/comments?post=94563"}],"version-history":[{"count":1,"href":"https:\/\/www.caririemacao.com\/1\/wp-json\/wp\/v2\/posts\/94563\/revisions"}],"predecessor-version":[{"id":94565,"href":"https:\/\/www.caririemacao.com\/1\/wp-json\/wp\/v2\/posts\/94563\/revisions\/94565"}],"wp:featuredmedia":[{"embeddable":true,"href":"https:\/\/www.caririemacao.com\/1\/wp-json\/wp\/v2\/media\/94564"}],"wp:attachment":[{"href":"https:\/\/www.caririemacao.com\/1\/wp-json\/wp\/v2\/media?parent=94563"}],"wp:term":[{"taxonomy":"category","embeddable":true,"href":"https:\/\/www.caririemacao.com\/1\/wp-json\/wp\/v2\/categories?post=94563"},{"taxonomy":"post_tag","embeddable":true,"href":"https:\/\/www.caririemacao.com\/1\/wp-json\/wp\/v2\/tags?post=94563"}],"curies":[{"name":"wp","href":"https:\/\/api.w.org\/{rel}","templated":true}]}}