{"id":94580,"date":"2019-05-11T07:20:19","date_gmt":"2019-05-11T10:20:19","guid":{"rendered":"http:\/\/www.caririemacao.com\/1\/?p=94580"},"modified":"2019-05-11T07:20:19","modified_gmt":"2019-05-11T10:20:19","slug":"camara-e-senado-indicam-que-decreto-das-armas-excede-limites-legais","status":"publish","type":"post","link":"https:\/\/www.caririemacao.com\/1\/2019\/05\/11\/camara-e-senado-indicam-que-decreto-das-armas-excede-limites-legais\/","title":{"rendered":"C\u00e2mara e Senado indicam que decreto das armas excede limites legais"},"content":{"rendered":"\n<p>Consultores da C\u00e2mara e do Senado elaboraram pareceres que indicam que o decreto que amplia o porte de armas editado pelo presidente Jair Bolsonaro nesta semana extrapola limites legais, distorcendo o Estatuto do Desarmamento.<\/p>\n\n\n\n<p>Provocados pelos senadores Randolfe Rodrigues (Rede-AP) e Fabiano Contarato (Rede-ES), t\u00e9cnicos do Senado elaboraram uma nota informativa obtida pela Folha.<\/p>\n\n\n\n<p>Eles citam, por exemplo, que o decreto extrapola seu poder regulamentar ao estabelecer uma presun\u00e7\u00e3o absoluta de que todas as 20 categorias que lista cumprem requisito b\u00e1sico para andarem armadas.<\/p>\n\n\n\n<p>A iniciativa assinada na ter\u00e7a-feira (7) amplia o acesso a armas de fogo no pa\u00eds para 19 milh\u00f5es de pessoas, concedendo o direito a grupos como pol\u00edticos com mandato, agentes penitenci\u00e1rios, rep\u00f3rteres policiais e conselheiros tutelares, entre outros.<\/p>\n\n\n\n<p>O Estatuto do Desarmamento exige que o pretendente ao porte de arma de fogo demonstre, no caso concreto, a efetiva necessidade do porte em decorr\u00eancia de exerc\u00edcio de atividade profissional de risco ou de amea\u00e7a \u00e0 sua integridade f\u00edsica.<\/p>\n\n\n\n<p>Ou seja, o Estatuto do Desarmamento exige um exame individualizado, pela Pol\u00edcia Federal, de quem almeja uma autoriza\u00e7\u00e3o de arma de fogo de uso permitido.<\/p>\n\n\n\n<p>Para os consultores, se n\u00e3o fosse assim, o decreto poderia contemplar qualquer pessoa, entidade ou categoria, presumindo, de forma absoluta, que ela necessitaria do porte de arma de fogo para o exerc\u00edcio da sua atividade profissional ou para a defesa da sua integridade f\u00edsica.<\/p>\n\n\n\n<p>&#8220;Como vimos, esse n\u00e3o foi o escopo do Estatuto do Desarmamento. Como o pr\u00f3prio nome dado ao diploma diz, o objetivo do estatuto foi o de desarmar a popula\u00e7\u00e3o, vedando o porte de arma de fogo em todo o territ\u00f3rio nacional. Por exce\u00e7\u00e3o, foram elencadas, de forma estrita, algumas categorias, pessoas ou entidades que poderiam obter o porte da arma de fogo&#8221;, diz a nota informativa.<\/p>\n\n\n\n<p>O decreto tamb\u00e9m ultrapassa limites legais, segundo os consultores, ao ampliar os servidores da \u00e1rea de seguran\u00e7a com direito a porte de arma.<\/p>\n\n\n\n<p>&#8220;Verifica-se que o decreto estende o porte de arma de fogo aos agentes p\u00fablicos inativos. Em nenhum de seus dispositivos o Estatuto do Desarmamento confere o porte de arma de fogo a qualquer funcion\u00e1rio p\u00fablico inativo&#8221;, ressalta a consultoria do Senado.<\/p>\n\n\n\n<p>&#8220;Veja-se que n\u00e3o se critica aqui o m\u00e9rito e a raz\u00e3o das escolhas administrativas presentes no decreto&#8221;, afirmam os consultores.<\/p>\n\n\n\n<p>&#8220;Com efeito, \u00e9 poss\u00edvel vislumbrar a necessidade do porte de arma por aqueles agentes p\u00fablicos, mesmo a inatividade, para sua defesa pessoal. Todavia, apenas alertamos que autoriza\u00e7\u00e3o n\u00e3o est\u00e1 prevista na lei.&#8221;<\/p>\n\n\n\n<p>No entendimento dos t\u00e9cnicos do Senado, o decreto tamb\u00e9m extrapolou o poder regulamentar ao conceder o porte de arma de fogo geral e irrestrito aos colecionadores e ca\u00e7adores, presumindo, de forma absoluta, que tais categorias cumprem o requisito de &#8220;efetiva necessidade&#8221;.<\/p>\n\n\n\n<p>Outro ponto criticado \u00e9 o fato de o decreto n\u00e3o exigir do residente rural o requisito de idade superior a 25 anos, bem como a comprova\u00e7\u00e3o, na pr\u00e1tica, de que realmente precisa de arma de fogo para garantir a subsist\u00eancia alimentar familiar.<\/p>\n\n\n\n<p>&#8220;O decreto passou a ser uma amea\u00e7a \u00e0 sociedade e sua seguran\u00e7a&#8221;, disse Randolfe.<br>O partido Rede Sustentabilidade ingressou nesta semana com uma a\u00e7\u00e3o de descumprimento de preceito fundamental no STF (Supremo Tribunal Federal). No Senado, foi apresentado um decreto legislativo para sustar os efeitos do decreto de Bolsonaro.<\/p>\n\n\n\n<p>O parecer da C\u00e2mara \u00e9 mais enxuto. A consultoria da Casa aponta que o decreto se excede ao estabelecer as categorias que t\u00eam, automaticamente, &#8220;efetiva necessidade&#8221;.<br>Este parecer tamb\u00e9m diz que o decreto avan\u00e7a nos limites da lei ao querer avan\u00e7ar numa compet\u00eancia das For\u00e7as Armadas, respons\u00e1veis por disciplinar o porte de arma das pra\u00e7as.<\/p>\n\n\n\n<p>O texto da C\u00e2mara tamb\u00e9m diz que o decreto \u00e9 omisso em rela\u00e7\u00e3o \u00e0 autoriza\u00e7\u00e3o do porte de forma limitada no tempo e no espa\u00e7o.<\/p>\n\n\n\n<p>&#8220;Dessa forma, o decreto concede &#8211;de forma ilimitada no tempo e no espa\u00e7o&#8211; o porte de arma de uso permitido a certas pessoas&#8221;, diz o documento.<\/p>\n\n\n\n<p>Sem entrar em detalhes, o parecer diz que outros dispositivos do decreto suscitam d\u00favidas que exigem an\u00e1lise mais aprofundada.<\/p>\n\n\n\n<p>Nesta quinta-feira (9), o presidente da C\u00e2mara dos Deputados, Rodrigo Maia (DEM-RJ), afirmou que a medida tem inconstitucionalidades e que pode ser sustada pelo Congresso Nacional. Ele afirmou que tem dialogado com o ministro da Casa Civil, Onyx Lorenzoni, para encontrar uma solu\u00e7\u00e3o.<\/p>\n\n\n\n<p>No mesmo dia, o porta-voz da Presid\u00eancia da Rep\u00fablica, Ot\u00e1vio R\u00eago Barros, disse que o presidente Jair Bolsonaro considera que o decreto que amplia o acesso a armas de fogo no pa\u00eds \u00e9 constitucional, mas que ele aceita analisar eventuais sugest\u00f5es de mudan\u00e7as feitas pelo Poder Legislativo.<\/p>\n\n\n\n<p>Maia disse que, caso a iniciativa n\u00e3o seja adequada, ela teria amplo amplo apoio da C\u00e2mara dos Deputados para ser derrubada. O porta-voz ressaltou que n\u00e3o h\u00e1, neste momento, &#8220;nenhuma inten\u00e7\u00e3o&#8221; do presidente de fazer qualquer altera\u00e7\u00e3o no decreto, mas que ele aceita avaliar eventuais altera\u00e7\u00f5es.&nbsp;<\/p>\n","protected":false},"excerpt":{"rendered":"<p>Consultores da C\u00e2mara e do Senado elaboraram pareceres que indicam que o decreto que amplia o porte de armas editado pelo presidente Jair Bolsonaro nesta&hellip; <\/p>\n","protected":false},"author":1,"featured_media":83237,"comment_status":"closed","ping_status":"closed","sticky":false,"template":"","format":"standard","meta":{"sfsi_plus_gutenberg_text_before_share":"","sfsi_plus_gutenberg_show_text_before_share":"","sfsi_plus_gutenberg_icon_type":"","sfsi_plus_gutenberg_icon_alignemt":"","sfsi_plus_gutenburg_max_per_row":"","footnotes":""},"categories":[11],"tags":[],"class_list":["post-94580","post","type-post","status-publish","format-standard","has-post-thumbnail","hentry","category-politica"],"_links":{"self":[{"href":"https:\/\/www.caririemacao.com\/1\/wp-json\/wp\/v2\/posts\/94580","targetHints":{"allow":["GET"]}}],"collection":[{"href":"https:\/\/www.caririemacao.com\/1\/wp-json\/wp\/v2\/posts"}],"about":[{"href":"https:\/\/www.caririemacao.com\/1\/wp-json\/wp\/v2\/types\/post"}],"author":[{"embeddable":true,"href":"https:\/\/www.caririemacao.com\/1\/wp-json\/wp\/v2\/users\/1"}],"replies":[{"embeddable":true,"href":"https:\/\/www.caririemacao.com\/1\/wp-json\/wp\/v2\/comments?post=94580"}],"version-history":[{"count":1,"href":"https:\/\/www.caririemacao.com\/1\/wp-json\/wp\/v2\/posts\/94580\/revisions"}],"predecessor-version":[{"id":94581,"href":"https:\/\/www.caririemacao.com\/1\/wp-json\/wp\/v2\/posts\/94580\/revisions\/94581"}],"wp:featuredmedia":[{"embeddable":true,"href":"https:\/\/www.caririemacao.com\/1\/wp-json\/wp\/v2\/media\/83237"}],"wp:attachment":[{"href":"https:\/\/www.caririemacao.com\/1\/wp-json\/wp\/v2\/media?parent=94580"}],"wp:term":[{"taxonomy":"category","embeddable":true,"href":"https:\/\/www.caririemacao.com\/1\/wp-json\/wp\/v2\/categories?post=94580"},{"taxonomy":"post_tag","embeddable":true,"href":"https:\/\/www.caririemacao.com\/1\/wp-json\/wp\/v2\/tags?post=94580"}],"curies":[{"name":"wp","href":"https:\/\/api.w.org\/{rel}","templated":true}]}}