{"id":94586,"date":"2019-05-11T08:43:59","date_gmt":"2019-05-11T11:43:59","guid":{"rendered":"http:\/\/www.caririemacao.com\/1\/?p=94586"},"modified":"2019-05-11T08:43:59","modified_gmt":"2019-05-11T11:43:59","slug":"joao-azevedo-funde-financas-com-receita-e-cria-secretaria-estadual-da-fazenda","status":"publish","type":"post","link":"https:\/\/www.caririemacao.com\/1\/2019\/05\/11\/joao-azevedo-funde-financas-com-receita-e-cria-secretaria-estadual-da-fazenda\/","title":{"rendered":"Jo\u00e3o Azev\u00eado funde Finan\u00e7as com Receita e cria Secretaria Estadual da Fazenda"},"content":{"rendered":"\n<p>O governador Jo\u00e3o Azev\u00eado fundiu as Secretarias&nbsp;de Estado das Finan\u00e7as e&nbsp;da&nbsp;Receita, instituindo, na Estrutura Administrativa do Poder Executivo Estadual, a Secretaria de Estado&nbsp;da Fazenda (SEFAZ-PB). A medida provis\u00f3ria foi publicada no Di\u00e1rio Oficial do Estado deste s\u00e1bado (11).<\/p>\n\n\n\n<p><a href=\"https:\/\/www.clickpb.com.br\/media\/filer_public\/01\/15\/01152b1f-9a74-4099-9c3f-b0972033bea5\/diario_oficial_11-05-2019_total.pdf\">Confira a medida no DO a partir da p\u00e1gina 1<\/a><\/p>\n\n\n\n<p>Marialvo Laureano dos Santos Filho assume a nova secretaria. J\u00e1 Bruno de Sousa Frade ocupa o cargo de secret\u00e1rio executivo da Receita e M\u00e1rio S\u00e9rgio de Freitas Lins, como secret\u00e1rio Executivo do Tesouro.<br><\/p>\n\n\n\n<p>De acordo com a publica\u00e7\u00e3o a&nbsp;Secretaria de Estado da Fazenda ser\u00e1 gerida pelo secret\u00e1rio de Estado da Fazenda, sendo auxiliado pelo secret\u00e1rio Executivo da Receita e pelo secret\u00e1rio Executivo do Tesouro.<\/p>\n\n\n\n<p>O governador&nbsp;exonerou todos os prestadores de servi\u00e7os e comissionados das antigas secretarias e em novo ato governamental nomeou os integrantes da recente secretaria criada por ele.<\/p>\n","protected":false},"excerpt":{"rendered":"<p>O governador Jo\u00e3o Azev\u00eado fundiu as Secretarias&nbsp;de Estado das Finan\u00e7as e&nbsp;da&nbsp;Receita, instituindo, na Estrutura Administrativa do Poder Executivo Estadual, a Secretaria de Estado&nbsp;da Fazenda (SEFAZ-PB).&hellip; <\/p>\n","protected":false},"author":1,"featured_media":94587,"comment_status":"closed","ping_status":"closed","sticky":false,"template":"","format":"standard","meta":{"sfsi_plus_gutenberg_text_before_share":"","sfsi_plus_gutenberg_show_text_before_share":"","sfsi_plus_gutenberg_icon_type":"","sfsi_plus_gutenberg_icon_alignemt":"","sfsi_plus_gutenburg_max_per_row":"","footnotes":""},"categories":[11],"tags":[],"class_list":["post-94586","post","type-post","status-publish","format-standard","has-post-thumbnail","hentry","category-politica"],"_links":{"self":[{"href":"https:\/\/www.caririemacao.com\/1\/wp-json\/wp\/v2\/posts\/94586","targetHints":{"allow":["GET"]}}],"collection":[{"href":"https:\/\/www.caririemacao.com\/1\/wp-json\/wp\/v2\/posts"}],"about":[{"href":"https:\/\/www.caririemacao.com\/1\/wp-json\/wp\/v2\/types\/post"}],"author":[{"embeddable":true,"href":"https:\/\/www.caririemacao.com\/1\/wp-json\/wp\/v2\/users\/1"}],"replies":[{"embeddable":true,"href":"https:\/\/www.caririemacao.com\/1\/wp-json\/wp\/v2\/comments?post=94586"}],"version-history":[{"count":1,"href":"https:\/\/www.caririemacao.com\/1\/wp-json\/wp\/v2\/posts\/94586\/revisions"}],"predecessor-version":[{"id":94588,"href":"https:\/\/www.caririemacao.com\/1\/wp-json\/wp\/v2\/posts\/94586\/revisions\/94588"}],"wp:featuredmedia":[{"embeddable":true,"href":"https:\/\/www.caririemacao.com\/1\/wp-json\/wp\/v2\/media\/94587"}],"wp:attachment":[{"href":"https:\/\/www.caririemacao.com\/1\/wp-json\/wp\/v2\/media?parent=94586"}],"wp:term":[{"taxonomy":"category","embeddable":true,"href":"https:\/\/www.caririemacao.com\/1\/wp-json\/wp\/v2\/categories?post=94586"},{"taxonomy":"post_tag","embeddable":true,"href":"https:\/\/www.caririemacao.com\/1\/wp-json\/wp\/v2\/tags?post=94586"}],"curies":[{"name":"wp","href":"https:\/\/api.w.org\/{rel}","templated":true}]}}