{"id":94610,"date":"2019-05-11T14:03:11","date_gmt":"2019-05-11T17:03:11","guid":{"rendered":"http:\/\/www.caririemacao.com\/1\/?p=94610"},"modified":"2019-05-11T14:03:11","modified_gmt":"2019-05-11T17:03:11","slug":"defesa-de-lula-entra-com-pedido-de-regime-aberto-e-nulidade-do-processo-do-triplex","status":"publish","type":"post","link":"https:\/\/www.caririemacao.com\/1\/2019\/05\/11\/defesa-de-lula-entra-com-pedido-de-regime-aberto-e-nulidade-do-processo-do-triplex\/","title":{"rendered":"Defesa de Lula entra com pedido de regime aberto e nulidade do processo do triplex"},"content":{"rendered":"\n<p>A \u00a0defesa do ex-presidente Luiz In\u00e1cio Lula da Silva, mantido como preso pol\u00edtico em Curitiba, ingressou com um pedido junto ao Superior Tribunal de Justi\u00e7a (STJ) para que ele possa ir para o regime aberto. O pedido dos advogados foi feito com base nos embargos de declara\u00e7\u00e3o do processo do triplex do Guaruj\u00e1, cujo ac\u00f3rd\u00e3o foi publicado no \u00faltimo dia 9 pela Corte. Os advogados pedem, ainda, a nulidade do processo do triplex e a absolvi\u00e7\u00e3o do ex-presidente.<\/p>\n\n\n\n<p>Na pe\u00e7a, os advogados destacam que Lula tem direito \u00e0 progress\u00e3o para o regime aberto pelo fato de estar preso h\u00e1 mais de um ano e este tempo deve ser abatido da pena de 8 anos e dez meses que foi imposta pela Corte. Neste caso, como a pena cairia para 7 anos e 9 meses, ele poderia migrar do regime fechado para o semiaberto. Os advogados, por\u00e9m, ressaltam que &#8220;diante da (conhecida) inexist\u00eancia de estabelecimento compat\u00edvel [para abrigar o ex-presidente], faz-se necess\u00e1rio, desde logo, a fixa\u00e7\u00e3o de um regime aberto&#8221;.<\/p>\n\n\n\n<p>Ao pedir a absolvi\u00e7\u00e3o de Lula, os advogados observam que &#8220;o embargante [Lula] n\u00e3o praticou nenhum dos crimes aqui imputados ou outros de qualquer natureza que seja. N\u00e3o obstante, n\u00e3o se pode ignorar que essa defesa t\u00e9cnica tem o dever \u00e9tico de buscar, por todos os meios legais, a liberdade do patrocinado sob todos os aspectos vi\u00e1veis, sem preju\u00edzo de preservar e reafirmar a garantia da presun\u00e7\u00e3o da inoc\u00eancia, mesmo quando relute o constituinte&#8221;, destacou o advogado Cristiano Zanin Martins no documento.<\/p>\n\n\n\n<p>Segundo a coluna da jornalista Bela Megale, de O Globo, nos pedidos de absolvi\u00e7\u00e3o e nulidade do processo contra o ex-presidente, a defesa apontou o chamou de &#8220;omiss\u00f5es, contradi\u00e7\u00f5es e obscuridades&#8221; no ac\u00f3rd\u00e3o publicado pelo STJ.<\/p>\n","protected":false},"excerpt":{"rendered":"<p>A \u00a0defesa do ex-presidente Luiz In\u00e1cio Lula da Silva, mantido como preso pol\u00edtico em Curitiba, ingressou com um pedido junto ao Superior Tribunal de Justi\u00e7a&hellip; <\/p>\n","protected":false},"author":1,"featured_media":94611,"comment_status":"closed","ping_status":"closed","sticky":false,"template":"","format":"standard","meta":{"sfsi_plus_gutenberg_text_before_share":"","sfsi_plus_gutenberg_show_text_before_share":"","sfsi_plus_gutenberg_icon_type":"","sfsi_plus_gutenberg_icon_alignemt":"","sfsi_plus_gutenburg_max_per_row":"","footnotes":""},"categories":[11],"tags":[],"class_list":["post-94610","post","type-post","status-publish","format-standard","has-post-thumbnail","hentry","category-politica"],"_links":{"self":[{"href":"https:\/\/www.caririemacao.com\/1\/wp-json\/wp\/v2\/posts\/94610","targetHints":{"allow":["GET"]}}],"collection":[{"href":"https:\/\/www.caririemacao.com\/1\/wp-json\/wp\/v2\/posts"}],"about":[{"href":"https:\/\/www.caririemacao.com\/1\/wp-json\/wp\/v2\/types\/post"}],"author":[{"embeddable":true,"href":"https:\/\/www.caririemacao.com\/1\/wp-json\/wp\/v2\/users\/1"}],"replies":[{"embeddable":true,"href":"https:\/\/www.caririemacao.com\/1\/wp-json\/wp\/v2\/comments?post=94610"}],"version-history":[{"count":1,"href":"https:\/\/www.caririemacao.com\/1\/wp-json\/wp\/v2\/posts\/94610\/revisions"}],"predecessor-version":[{"id":94612,"href":"https:\/\/www.caririemacao.com\/1\/wp-json\/wp\/v2\/posts\/94610\/revisions\/94612"}],"wp:featuredmedia":[{"embeddable":true,"href":"https:\/\/www.caririemacao.com\/1\/wp-json\/wp\/v2\/media\/94611"}],"wp:attachment":[{"href":"https:\/\/www.caririemacao.com\/1\/wp-json\/wp\/v2\/media?parent=94610"}],"wp:term":[{"taxonomy":"category","embeddable":true,"href":"https:\/\/www.caririemacao.com\/1\/wp-json\/wp\/v2\/categories?post=94610"},{"taxonomy":"post_tag","embeddable":true,"href":"https:\/\/www.caririemacao.com\/1\/wp-json\/wp\/v2\/tags?post=94610"}],"curies":[{"name":"wp","href":"https:\/\/api.w.org\/{rel}","templated":true}]}}