{"id":94613,"date":"2019-05-11T14:05:58","date_gmt":"2019-05-11T17:05:58","guid":{"rendered":"http:\/\/www.caririemacao.com\/1\/?p=94613"},"modified":"2019-05-11T14:05:58","modified_gmt":"2019-05-11T17:05:58","slug":"previdencia-deve-ser-aprovada-sem-tantas-modificacoes-diz-bolsonaro","status":"publish","type":"post","link":"https:\/\/www.caririemacao.com\/1\/2019\/05\/11\/previdencia-deve-ser-aprovada-sem-tantas-modificacoes-diz-bolsonaro\/","title":{"rendered":"Previd\u00eancia deve ser aprovada &#8220;sem tantas modifica\u00e7\u00f5es&#8221;, diz Bolsonaro"},"content":{"rendered":"\n<p>O\u00a0presidente Jair Bolsonaro reafirmou neste s\u00e1bado (11), por meio de\u00a0<a href=\"https:\/\/twitter.com\/jairbolsonaro\/status\/1127166908443320320?ref_src=twsrc%5Etfw%7Ctwcamp%5Etweetembed%7Ctwterm%5E1127166908443320320&amp;ref_url=http%3A%2F%2Fagenciabrasil.ebc.com.br%2Fpolitica%2Fnoticia%2F2019-05%2Fprevidencia-deve-ser-aprovada-sem-tantas-modificacoes-diz-bolsonaro\">redes sociais<\/a>, que \u00e9 preciso que a reforma da Previd\u00eancia seja aprovada sem sofrer muitas modifica\u00e7\u00f5es para que o pa\u00eds avance economicamente. Atualmente, a proposta de Emenda \u00e0 Constitui\u00e7\u00e3o (PEC 6\/2019) est\u00e1 em discuss\u00e3o em comiss\u00e3o especial, na C\u00e2mara dos Deputados.<\/p>\n\n\n\n<p>\u201cPrecisamos hoje aprovar a Nova Previd\u00eancia sem tantas modifica\u00e7\u00f5es para que o mercado ganhe a confian\u00e7a no Brasil e possamos evoluir cada vez mais\u201d, afirmou.<\/p>\n\n\n\n<p>Bolsonaro tamb\u00e9m defendeu as medidas de desburocratiza\u00e7\u00e3o que o governo vem tomando com o objetivo de melhorar o ambiente de neg\u00f3cios e, assim, facilitar a abertura de filiais de empresas estrangeiras no Brasil e atrair mais investimentos para o pa\u00eds.<\/p>\n\n\n\n<p>\u201cAp\u00f3s medidas de desburocratiza\u00e7\u00e3o internas di\u00e1rias e a MP da liberdade econ\u00f4mica aceleramos abertura de filiais estrangeiras no Brasil, caindo de 45 para 3 dias (Registro de empresas). Medida busca melhorar o ambiente de neg\u00f3cios para atrair cada vez mais investimentos ao pa\u00eds\u201d, escreveu.<\/p>\n\n\n\n<p><strong>Liberdade Econ\u00f4mica<\/strong><\/p>\n\n\n\n<p>A Medida Provis\u00f3ria (MP 881) da Liberdade Econ\u00f4mica mencionada por Bolsonaro estabelece normas gerais para garantir a livre iniciativa de neg\u00f3cios no pa\u00eds, de forma desburocratizada. A MP permite que empreendimentos considerados de baixo risco sejam desenvolvidos sem depender de qualquer ato de libera\u00e7\u00e3o pela administra\u00e7\u00e3o p\u00fablica.<\/p>\n\n\n\n<p>Na pr\u00e1tica, atividades econ\u00f4micas que n\u00e3o oferecem risco sanit\u00e1rio, ambiental e de seguran\u00e7a n\u00e3o v\u00e3o precisar mais de licen\u00e7as, autoriza\u00e7\u00f5es, registros ou alvar\u00e1s de funcionamento. A defini\u00e7\u00e3o da atividade que se enquadre como de baixo risco caber\u00e1 aos munic\u00edpios. Na aus\u00eancia de defini\u00e7\u00e3o, ser\u00e1 v\u00e1lida a listagem federal a ser editada pelo presidente da Rep\u00fablica ou pelo Comit\u00ea Gestor da Rede Nacional para a Simplifica\u00e7\u00e3o do Registro e da Legaliza\u00e7\u00e3o de Empresas e Neg\u00f3cios (Redesim). A regulamenta\u00e7\u00e3o deve ocorrer em at\u00e9 60 dias.<\/p>\n","protected":false},"excerpt":{"rendered":"<p>O\u00a0presidente Jair Bolsonaro reafirmou neste s\u00e1bado (11), por meio de\u00a0redes sociais, que \u00e9 preciso que a reforma da Previd\u00eancia seja aprovada sem sofrer muitas modifica\u00e7\u00f5es&hellip; <\/p>\n","protected":false},"author":1,"featured_media":94614,"comment_status":"closed","ping_status":"closed","sticky":false,"template":"","format":"standard","meta":{"sfsi_plus_gutenberg_text_before_share":"","sfsi_plus_gutenberg_show_text_before_share":"","sfsi_plus_gutenberg_icon_type":"","sfsi_plus_gutenberg_icon_alignemt":"","sfsi_plus_gutenburg_max_per_row":"","footnotes":""},"categories":[11],"tags":[],"class_list":["post-94613","post","type-post","status-publish","format-standard","has-post-thumbnail","hentry","category-politica"],"_links":{"self":[{"href":"https:\/\/www.caririemacao.com\/1\/wp-json\/wp\/v2\/posts\/94613","targetHints":{"allow":["GET"]}}],"collection":[{"href":"https:\/\/www.caririemacao.com\/1\/wp-json\/wp\/v2\/posts"}],"about":[{"href":"https:\/\/www.caririemacao.com\/1\/wp-json\/wp\/v2\/types\/post"}],"author":[{"embeddable":true,"href":"https:\/\/www.caririemacao.com\/1\/wp-json\/wp\/v2\/users\/1"}],"replies":[{"embeddable":true,"href":"https:\/\/www.caririemacao.com\/1\/wp-json\/wp\/v2\/comments?post=94613"}],"version-history":[{"count":1,"href":"https:\/\/www.caririemacao.com\/1\/wp-json\/wp\/v2\/posts\/94613\/revisions"}],"predecessor-version":[{"id":94615,"href":"https:\/\/www.caririemacao.com\/1\/wp-json\/wp\/v2\/posts\/94613\/revisions\/94615"}],"wp:featuredmedia":[{"embeddable":true,"href":"https:\/\/www.caririemacao.com\/1\/wp-json\/wp\/v2\/media\/94614"}],"wp:attachment":[{"href":"https:\/\/www.caririemacao.com\/1\/wp-json\/wp\/v2\/media?parent=94613"}],"wp:term":[{"taxonomy":"category","embeddable":true,"href":"https:\/\/www.caririemacao.com\/1\/wp-json\/wp\/v2\/categories?post=94613"},{"taxonomy":"post_tag","embeddable":true,"href":"https:\/\/www.caririemacao.com\/1\/wp-json\/wp\/v2\/tags?post=94613"}],"curies":[{"name":"wp","href":"https:\/\/api.w.org\/{rel}","templated":true}]}}