{"id":94619,"date":"2019-05-11T14:11:39","date_gmt":"2019-05-11T17:11:39","guid":{"rendered":"http:\/\/www.caririemacao.com\/1\/?p=94619"},"modified":"2019-05-11T14:11:39","modified_gmt":"2019-05-11T17:11:39","slug":"temer-pode-mudar-para-sala-de-estado-maior-a-pedido-da-defesa","status":"publish","type":"post","link":"https:\/\/www.caririemacao.com\/1\/2019\/05\/11\/temer-pode-mudar-para-sala-de-estado-maior-a-pedido-da-defesa\/","title":{"rendered":"Temer pode mudar para sala de estado-maior a pedido da defesa"},"content":{"rendered":"\n<p>A defesa do ex-presidente da Rep\u00fablica Michel Temer informou hoje (11), por meio de nota, que a Superintend\u00eancia da Pol\u00edcia Federal (PF) em S\u00e3o Paulo requereu ontem (10) autoriza\u00e7\u00e3o para que Temer cumpra pris\u00e3o preventiva na sala de estado-maior de um batalh\u00e3o da Pol\u00edcia Militar, em S\u00e3o Paulo.<\/p>\n\n\n\n<p>De acordo com o advogado Eduardo Carnel\u00f3s, o pedido \u00e0 Justi\u00e7a para a mudan\u00e7a foi feito na \u00faltima quinta-feira (9), antes de Temer se apresentar \u00e0 Pol\u00edcia Federal (PF).&nbsp;<\/p>\n\n\n\n<p>At\u00e9 o momento, no entanto, n\u00e3o h\u00e1 manifesta\u00e7\u00e3o da Justi\u00e7a Federal do Rio de Janeiro sobre a solicita\u00e7\u00e3o. O advogado disse que a Pol\u00edcia Militar possui sala com as caracter\u00edsticas exigidas pela lei.<\/p>\n\n\n\n<p>Temer e o coronel aposentado Jo\u00e3o Batista Lima Filho s\u00e3o alvos da Opera\u00e7\u00e3o Descontamina\u00e7\u00e3o, um dos desdobramentos da Lava Jato no Rio de Janeiro, que investiga desvios da ordem de R$ 1,8 bilh\u00e3o nas obras da usina nuclear de Angra 3. No dia 21 de mar\u00e7o, o juiz Marcelo Bretas, da 7\u00aa Vara Federal Criminal, acatou pedido do Minist\u00e9rio P\u00fablico Federal (MPF) e decretou as pris\u00f5es preventivas de ambos.<\/p>\n\n\n\n<p>Na ocasi\u00e3o, eles foram levados ao Rio de Janeiro, onde ficaram detidos por quatro dias, sendo liberados em 25 de mar\u00e7o, conforme liminar concedida pelo desembargador Antonio Ivan Athi\u00e9. Ontem (8), no entanto, a Primeira Turma do TRF-2 derrubou essa liminar por 2 votos a 1. A posi\u00e7\u00e3o de Athi\u00e9 foi vencida pelos votos dos desembargadores Abel Gomes e Paulo Esp\u00edrito Santo.<\/p>\n","protected":false},"excerpt":{"rendered":"<p>A defesa do ex-presidente da Rep\u00fablica Michel Temer informou hoje (11), por meio de nota, que a Superintend\u00eancia da Pol\u00edcia Federal (PF) em S\u00e3o Paulo&hellip; <\/p>\n","protected":false},"author":1,"featured_media":94620,"comment_status":"closed","ping_status":"closed","sticky":false,"template":"","format":"standard","meta":{"sfsi_plus_gutenberg_text_before_share":"","sfsi_plus_gutenberg_show_text_before_share":"","sfsi_plus_gutenberg_icon_type":"","sfsi_plus_gutenberg_icon_alignemt":"","sfsi_plus_gutenburg_max_per_row":"","footnotes":""},"categories":[2],"tags":[],"class_list":["post-94619","post","type-post","status-publish","format-standard","has-post-thumbnail","hentry","category-geral"],"_links":{"self":[{"href":"https:\/\/www.caririemacao.com\/1\/wp-json\/wp\/v2\/posts\/94619","targetHints":{"allow":["GET"]}}],"collection":[{"href":"https:\/\/www.caririemacao.com\/1\/wp-json\/wp\/v2\/posts"}],"about":[{"href":"https:\/\/www.caririemacao.com\/1\/wp-json\/wp\/v2\/types\/post"}],"author":[{"embeddable":true,"href":"https:\/\/www.caririemacao.com\/1\/wp-json\/wp\/v2\/users\/1"}],"replies":[{"embeddable":true,"href":"https:\/\/www.caririemacao.com\/1\/wp-json\/wp\/v2\/comments?post=94619"}],"version-history":[{"count":1,"href":"https:\/\/www.caririemacao.com\/1\/wp-json\/wp\/v2\/posts\/94619\/revisions"}],"predecessor-version":[{"id":94621,"href":"https:\/\/www.caririemacao.com\/1\/wp-json\/wp\/v2\/posts\/94619\/revisions\/94621"}],"wp:featuredmedia":[{"embeddable":true,"href":"https:\/\/www.caririemacao.com\/1\/wp-json\/wp\/v2\/media\/94620"}],"wp:attachment":[{"href":"https:\/\/www.caririemacao.com\/1\/wp-json\/wp\/v2\/media?parent=94619"}],"wp:term":[{"taxonomy":"category","embeddable":true,"href":"https:\/\/www.caririemacao.com\/1\/wp-json\/wp\/v2\/categories?post=94619"},{"taxonomy":"post_tag","embeddable":true,"href":"https:\/\/www.caririemacao.com\/1\/wp-json\/wp\/v2\/tags?post=94619"}],"curies":[{"name":"wp","href":"https:\/\/api.w.org\/{rel}","templated":true}]}}