{"id":94622,"date":"2019-05-11T14:14:03","date_gmt":"2019-05-11T17:14:03","guid":{"rendered":"http:\/\/www.caririemacao.com\/1\/?p=94622"},"modified":"2019-05-11T14:14:03","modified_gmt":"2019-05-11T17:14:03","slug":"pesquisa-revela-que-bolsonaro-e-mais-popular-do-que-lula","status":"publish","type":"post","link":"https:\/\/www.caririemacao.com\/1\/2019\/05\/11\/pesquisa-revela-que-bolsonaro-e-mais-popular-do-que-lula\/","title":{"rendered":"Pesquisa revela que Bolsonaro \u00e9 mais popular do que Lula"},"content":{"rendered":"\n<p>O Antagonista divulgou, neste s\u00e1bado (11), que o presidente Jair Bolsonaro \u00e9 mais popular do que Lula. Segundo a pesquisa da XP, o n\u00famero de pessoas com uma opini\u00e3o positiva sobre Bolsonaro despencou 11 pontos de janeiro para c\u00e1, indo de 60% para 49%. Mas Lula tamb\u00e9m caiu: de 43% para 40%.<\/p>\n\n\n\n<p>Os dados tamb\u00e9m apontam que a opini\u00e3o negativa sobre Jair Bolsonaro aumentou 5 pontos (de 20% para 25%), exatamente como aquela sobre Lula (de 28% para 33%).<\/p>\n\n\n\n<p>Os percentuais de Fernando Haddad s\u00e3o ainda piores. Ele \u00e9 avaliado positivamente por apenas 22% dos entrevistados e negativamente por 45%.<\/p>\n\n\n\n<p>Conforme a pesquisa, 34% dos entrevistados atribu\u00edram a Lula o desastre na economia, e outros 20% o atribu\u00edram a Dilma Rousseff.<\/p>\n","protected":false},"excerpt":{"rendered":"<p>O Antagonista divulgou, neste s\u00e1bado (11), que o presidente Jair Bolsonaro \u00e9 mais popular do que Lula. Segundo a pesquisa da XP, o n\u00famero de&hellip; <\/p>\n","protected":false},"author":1,"featured_media":94623,"comment_status":"closed","ping_status":"closed","sticky":false,"template":"","format":"standard","meta":{"sfsi_plus_gutenberg_text_before_share":"","sfsi_plus_gutenberg_show_text_before_share":"","sfsi_plus_gutenberg_icon_type":"","sfsi_plus_gutenberg_icon_alignemt":"","sfsi_plus_gutenburg_max_per_row":"","footnotes":""},"categories":[11],"tags":[],"class_list":["post-94622","post","type-post","status-publish","format-standard","has-post-thumbnail","hentry","category-politica"],"_links":{"self":[{"href":"https:\/\/www.caririemacao.com\/1\/wp-json\/wp\/v2\/posts\/94622","targetHints":{"allow":["GET"]}}],"collection":[{"href":"https:\/\/www.caririemacao.com\/1\/wp-json\/wp\/v2\/posts"}],"about":[{"href":"https:\/\/www.caririemacao.com\/1\/wp-json\/wp\/v2\/types\/post"}],"author":[{"embeddable":true,"href":"https:\/\/www.caririemacao.com\/1\/wp-json\/wp\/v2\/users\/1"}],"replies":[{"embeddable":true,"href":"https:\/\/www.caririemacao.com\/1\/wp-json\/wp\/v2\/comments?post=94622"}],"version-history":[{"count":1,"href":"https:\/\/www.caririemacao.com\/1\/wp-json\/wp\/v2\/posts\/94622\/revisions"}],"predecessor-version":[{"id":94624,"href":"https:\/\/www.caririemacao.com\/1\/wp-json\/wp\/v2\/posts\/94622\/revisions\/94624"}],"wp:featuredmedia":[{"embeddable":true,"href":"https:\/\/www.caririemacao.com\/1\/wp-json\/wp\/v2\/media\/94623"}],"wp:attachment":[{"href":"https:\/\/www.caririemacao.com\/1\/wp-json\/wp\/v2\/media?parent=94622"}],"wp:term":[{"taxonomy":"category","embeddable":true,"href":"https:\/\/www.caririemacao.com\/1\/wp-json\/wp\/v2\/categories?post=94622"},{"taxonomy":"post_tag","embeddable":true,"href":"https:\/\/www.caririemacao.com\/1\/wp-json\/wp\/v2\/tags?post=94622"}],"curies":[{"name":"wp","href":"https:\/\/api.w.org\/{rel}","templated":true}]}}