{"id":94628,"date":"2019-05-11T14:17:55","date_gmt":"2019-05-11T17:17:55","guid":{"rendered":"http:\/\/www.caririemacao.com\/1\/?p=94628"},"modified":"2019-05-11T14:17:55","modified_gmt":"2019-05-11T17:17:55","slug":"lula-diz-que-foi-condenado-sem-provas-e-que-inicio-de-mandato-de-bolsonaro-foi-desastroso","status":"publish","type":"post","link":"https:\/\/www.caririemacao.com\/1\/2019\/05\/11\/lula-diz-que-foi-condenado-sem-provas-e-que-inicio-de-mandato-de-bolsonaro-foi-desastroso\/","title":{"rendered":"Lula diz que foi condenado sem provas e que in\u00edcio de mandato de Bolsonaro foi &#8216;desastroso"},"content":{"rendered":"\n<p>O ex-presidente Luiz In\u00e1cio Lula da Silva afirmou, em sua segunda entrevista concedida depois que foi preso por corrup\u00e7\u00e3o passiva e lavagem de dinheiro, ter sido condenado sem provas e que o presidente Jair Bolsonaro teve um in\u00edcio de mandato &#8220;extremamente desastroso&#8221;.<\/p>\n\n\n\n<p>&#8220;A impress\u00e3o que eu tenho \u00e9 que ele n\u00e3o sabe l\u00e9 com cr\u00e9. A impress\u00e3o que eu tenho \u00e9 que ele n\u00e3o tem no\u00e7\u00e3o das coisas que ele fala. Ele n\u00e3o conhece nada de pol\u00edtica externa, ele n\u00e3o conhece nada de economia. Ele faz quest\u00e3o de mostrar que n\u00e3o conhece&#8221;, disse o petista em entrevista ao jornalista Kennedy Alencar, comentarista da r\u00e1dio CBN.<\/p>\n\n\n\n<p>Para Lula, Bolsonaro n\u00e3o tem m\u00e9todo nem estrat\u00e9gia. &#8220;Ele corre atr\u00e1s do filho para apagar um inc\u00eandio todo dia. Eu sinceramente n\u00e3o sei como \u00e9 que funciona a fam\u00edlia. Como eu n\u00e3o conhe\u00e7o, n\u00e3o vou ficar dando palpite. Mas o que se apresenta publicamente \u00e9 um neg\u00f3cio incontrol\u00e1vel. Obviamente que pelo bem do Brasil eu espero que ele aprenda.&#8221;<\/p>\n\n\n\n<p>O ex-presidente tamb\u00e9m criticou Bolsonaro por facilitar o acesso a armas de fogo no pa\u00eds. &#8220;(Ele) acha que o problema do Brasil se resolve com arma. O problema do Brasil se resolve com livro, com escola.&#8221;<\/p>\n\n\n\n<p>O petista foi entrevistado na Superintend\u00eancia da Pol\u00edcia Federal em Curitiba, onde est\u00e1 preso. A entrevista foi solicitada por Alencar no ano passado, mas s\u00f3 foi realizada neste m\u00eas por causa de decis\u00f5es divergentes de ministros do Supremo Tribunal Federal. Declara\u00e7\u00f5es do petista a ve\u00edculos de imprensa estiveram proibidas de setembro de 2018 a abril deste ano, quando o presidente da Corte, Dias Toffoli, liberou que ele fosse entrevistado pelos jornais Folha de S.Paulo e El Pa\u00eds Brasil.<\/p>\n\n\n\n<p>Em uma das partes da entrevista de duas horas e 15 minutos, Lula afirmou que os protestos de junho de 2013 foram manipulados pela m\u00eddia contra o PT.<\/p>\n\n\n\n<p>&#8220;Ningu\u00e9m me convence que aquilo foi porque a pol\u00edcia de S\u00e3o Paulo bateu numa manifesta\u00e7\u00e3o de 3.000 pessoas que estavam reivindicando 20% de diminui\u00e7\u00e3o no aumento do transporte e que a sociedade foi para rua. Eu n\u00e3o acredito. Aquilo, na minha opini\u00e3o, j\u00e1 fazia parte da arquitetura pol\u00edtica de derrubar o governo, de tirar o PT do poder, porque era uma manifesta\u00e7\u00e3o muito contra o PT.&#8221;<\/p>\n\n\n\n<p><strong>Linha de defesa<\/strong><\/p>\n\n\n\n<p>Ao longo da entrevista, Lula insistiu em sua linha de defesa sobre a condena\u00e7\u00e3o no caso do tr\u00edplex no Guaruj\u00e1, questionando as evid\u00eancias apresentadas pelo Minist\u00e9rio P\u00fablico Federal e chanceladas pelo ent\u00e3o juiz federal Sergio Moro &#8211; e atual ministro da Justi\u00e7a e Seguran\u00e7a P\u00fablica &#8211; e pelo Tribunal Regional Federal da 4\u00aa Regi\u00e3o.<\/p>\n\n\n\n<p>&#8220;Algu\u00e9m tem que mostrar (a prova). Esse apartamento, esse maldito apartamento, se ele \u00e9 meu, tem que ter um documento, tem que ter um contrato, tem que ter um pagamento. Alguma coisa tem que ser mostrada. N\u00e3o \u00e9 poss\u00edvel que algu\u00e9m possa dizer que um apartamento \u00e9 meu se eu n\u00e3o comprei, n\u00e3o morei, n\u00e3o paguei, n\u00e3o tem escritura. Que neg\u00f3cio \u00e9 meu?&#8221;, afirma.<\/p>\n\n\n\n<p>Em sua decis\u00e3o de 218 p\u00e1ginas, Moro considerou que Lula ocultava a propriedade do tr\u00edplex no litoral paulista, o que caracteriza o crime de lavagem de dinheiro. Segundo o juiz, o im\u00f3vel e sua reforma foram concedidos pelo grupo OAS ao ex-presidente como um &#8220;acerto de corrup\u00e7\u00e3o decorrente em parte dos contratos com a Petrobras&#8221;, conforme afirmou na \u00e9poca da sua decis\u00e3o.<\/p>\n\n\n\n<p>Um dos principais argumentos da defesa \u00e9 que o apartamento est\u00e1 registrado como propriedade da OAS e, portanto, jamais pertenceu ao ex-presidente. Para o juiz, para configurar vantagem indevida, n\u00e3o seria necess\u00e1rio que o im\u00f3vel tivesse sido transferido para o nome de Lula.<\/p>\n\n\n\n<p>Ainda segundo a senten\u00e7a, os valores gastos pela OAS com o tr\u00edplex, no total de R$ 2.252.472, foram debitados de uma conta de propina que a empreiteira mantinha com o PT, e que teria sido abastecida por meio do esquema de corrup\u00e7\u00e3o na Petrobras.<\/p>\n\n\n\n<p>&#8220;Voc\u00ea acha que um cara que virou presidente da Rep\u00fablica, que tinha o status que eu tinha a n\u00edvel mundial, que tinha o carinho que eu tinha a n\u00edvel mundial, iria sujar a minha biografia por um maldito apartamento? Acha que eu ia fazer isso? Jogar fora um patrim\u00f4nio constru\u00eddo? Se essa gente tivesse prova, essa gente me desmascarava&#8221;, afirmou Lula a Alencar.<\/p>\n\n\n\n<p>Na entrevista ao jornalista, Lula voltou a acusar Moro de manipular a imprensa ao vazar seletivamente informa\u00e7\u00f5es sigilosas.<\/p>\n\n\n\n<p>&#8220;O Moro fornecia \u00e0 imprensa as informa\u00e7\u00f5es em primeira m\u00e3o, do jeito que ele entendia, a imprensa transformava a mentira do Moro em verdade, e a\u00ed o cara j\u00e1 estava condenado. Por que que voc\u00ea acha que eu resolvi resistir? Porque eu quero provar que eles mentiram.&#8221;<\/p>\n\n\n\n<p>Procurado em dezembro pela BBC World News, Moro afirmou que o ex-presidente foi condenado por ser o respons\u00e1vel pelo esc\u00e2ndalo da Petrobras, investigado pela Opera\u00e7\u00e3o Lava Jato. Segundo ele, foram pagos quase US$ 2 bilh\u00f5es em propina usando contratos da Petrobras durante a Presid\u00eancia do petista e o apartamento \u00e9 parte desses repasses ilegais que foram direcionados para benef\u00edcio pr\u00f3prio de Lula.<\/p>\n\n\n\n<p>Desta vez, procurado pela reportagem, Moro preferiu n\u00e3o fazer coment\u00e1rios.<\/p>\n\n\n\n<p>Para Lula, Moro n\u00e3o vai sobreviver \u00e0 pol\u00edtica. &#8220;Ele n\u00e3o nasceu para isso. Ele nasceu para se esconder atr\u00e1s de uma toga e ficar lendo o C\u00f3digo Penal. \u00c9 para isso que ele nasceu. Ele tem que se expor a debate. Eu, por exemplo, adoraria se sair daqui fazer um debate com o Moro sobre os crimes que cometi.&#8221;<\/p>\n\n\n\n<p>A entrevista a Alencar ocorreu em 3 de maio, dias depois de Lula ser entrevistado por M\u00f4nica Bergamo, da Folha de S.Paulo, e Florestan Fernandes J\u00fanior, do El Pa\u00eds Brasil. Naquela ocasi\u00e3o, em 26 de abril, o petista afirmou que tinha uma obsess\u00e3o em provar sua inoc\u00eancia e que o pa\u00eds era governado por um &#8220;bando de malucos&#8221;.<\/p>\n\n\n\n<p>Em rea\u00e7\u00e3o, Bolsonaro afirmou que Lula n\u00e3o deveria ser autorizado pela Justi\u00e7a a conceder entrevistas. &#8220;Maluco? Quem era o time dele? Grande parte est\u00e1 preso ou est\u00e1 sendo processado. Tinha um plano de poder onde, nos finalmentes, nos roubaria a nossa liberdade, ok? Eu acho um equ\u00edvoco, um erro da Justi\u00e7a ter dado direito a dar uma entrevista. Presidi\u00e1rio tem que cumprir sua pena.&#8221;<\/p>\n","protected":false},"excerpt":{"rendered":"<p>O ex-presidente Luiz In\u00e1cio Lula da Silva afirmou, em sua segunda entrevista concedida depois que foi preso por corrup\u00e7\u00e3o passiva e lavagem de dinheiro, ter&hellip; <\/p>\n","protected":false},"author":1,"featured_media":94629,"comment_status":"closed","ping_status":"closed","sticky":false,"template":"","format":"standard","meta":{"sfsi_plus_gutenberg_text_before_share":"","sfsi_plus_gutenberg_show_text_before_share":"","sfsi_plus_gutenberg_icon_type":"","sfsi_plus_gutenberg_icon_alignemt":"","sfsi_plus_gutenburg_max_per_row":"","footnotes":""},"categories":[11],"tags":[],"class_list":["post-94628","post","type-post","status-publish","format-standard","has-post-thumbnail","hentry","category-politica"],"_links":{"self":[{"href":"https:\/\/www.caririemacao.com\/1\/wp-json\/wp\/v2\/posts\/94628","targetHints":{"allow":["GET"]}}],"collection":[{"href":"https:\/\/www.caririemacao.com\/1\/wp-json\/wp\/v2\/posts"}],"about":[{"href":"https:\/\/www.caririemacao.com\/1\/wp-json\/wp\/v2\/types\/post"}],"author":[{"embeddable":true,"href":"https:\/\/www.caririemacao.com\/1\/wp-json\/wp\/v2\/users\/1"}],"replies":[{"embeddable":true,"href":"https:\/\/www.caririemacao.com\/1\/wp-json\/wp\/v2\/comments?post=94628"}],"version-history":[{"count":1,"href":"https:\/\/www.caririemacao.com\/1\/wp-json\/wp\/v2\/posts\/94628\/revisions"}],"predecessor-version":[{"id":94630,"href":"https:\/\/www.caririemacao.com\/1\/wp-json\/wp\/v2\/posts\/94628\/revisions\/94630"}],"wp:featuredmedia":[{"embeddable":true,"href":"https:\/\/www.caririemacao.com\/1\/wp-json\/wp\/v2\/media\/94629"}],"wp:attachment":[{"href":"https:\/\/www.caririemacao.com\/1\/wp-json\/wp\/v2\/media?parent=94628"}],"wp:term":[{"taxonomy":"category","embeddable":true,"href":"https:\/\/www.caririemacao.com\/1\/wp-json\/wp\/v2\/categories?post=94628"},{"taxonomy":"post_tag","embeddable":true,"href":"https:\/\/www.caririemacao.com\/1\/wp-json\/wp\/v2\/tags?post=94628"}],"curies":[{"name":"wp","href":"https:\/\/api.w.org\/{rel}","templated":true}]}}