{"id":94631,"date":"2019-05-11T14:30:15","date_gmt":"2019-05-11T17:30:15","guid":{"rendered":"http:\/\/www.caririemacao.com\/1\/?p=94631"},"modified":"2019-05-11T14:30:50","modified_gmt":"2019-05-11T17:30:50","slug":"defesa-de-lula-pede-ao-stj-para-ex-presidente-cumprir-pena-em-casa","status":"publish","type":"post","link":"https:\/\/www.caririemacao.com\/1\/2019\/05\/11\/defesa-de-lula-pede-ao-stj-para-ex-presidente-cumprir-pena-em-casa\/","title":{"rendered":"Defesa de Lula pede ao STJ para ex-presidente cumprir pena em casa"},"content":{"rendered":"\n<p>  A defesa de Luiz In\u00e1cio Lula da Silva entrou com um pedido no STJ (Superior Tribunal de Justi\u00e7a) para que o ex-presidente passe a cumprir pena no regime aberto.<\/p>\n\n\n\n<p>O pedido consta nos embargos de declara\u00e7\u00e3o protocolados na noite desta sexta-feira (10) pelos advogados de Lula, solicitando que sejam revistos pontos da decis\u00e3o tomada pela Quinta Turma do STJ, que em 23 de abril reduziu a pena do ex-presidente no caso do tr\u00edplex de Guaruj\u00e1 (SP).<\/p>\n\n\n\n<p>Na ocasi\u00e3o, o colegiado da corte manteve a condena\u00e7\u00e3o do petista, mas baixou a pena de 12 anos e 1 m\u00eas de pris\u00e3o para 8 anos, 10 meses e 20 dias.<\/p>\n\n\n\n<p>Os advogados de Lula argumentam que, como ele est\u00e1 preso h\u00e1 um ano e um m\u00eas na Superintend\u00eancia da Pol\u00edcia Federal em Curitiba, a revis\u00e3o da pena feita pelo STJ permite a mudan\u00e7a para o regime semiaberto -quando o preso pode sair para trabalhar durante o dia, mas precisa se recolher em estabelecimento penal \u00e0 noite.<\/p>\n\n\n\n<figure class=\"wp-block-image\"><img decoding=\"async\" data-src=\"https:\/\/paraibaonline.com.br\/wp-content\/uploads\/2019\/04\/lula-prisao-2-556x417.jpeg\" alt=\"\" class=\"wp-image-702512 lazyload\" src=\"data:image\/svg+xml;base64,PHN2ZyB3aWR0aD0iMSIgaGVpZ2h0PSIxIiB4bWxucz0iaHR0cDovL3d3dy53My5vcmcvMjAwMC9zdmciPjwvc3ZnPg==\" style=\"--smush-placeholder-width: 556px; --smush-placeholder-aspect-ratio: 556\/417;\" \/><\/figure>\n\n\n\n<p>Foto: Ag\u00eancia Folha<\/p>\n\n\n\n<p>No entanto, a defesa de Lula argumenta a \u201cinexist\u00eancia de estabelecimento compat\u00edvel\u201d e a \u201cpeculiar situa\u00e7\u00e3o do embargante [Lula]\u201d para pedir que o ex-presidente migre automaticamente para o regime aberto (quando a pessoa pode sair durante o dia, mas precisa retornar para a sua resid\u00eancia \u00e0 noite).<\/p>\n\n\n\n<p>A defesa de Lula diz que, com a mudan\u00e7a feita pelo STJ na senten\u00e7a e descontado o tempo de pris\u00e3o que que ele j\u00e1 cumpriu, o ex-presidente tem agora uma pena de sete anos e nove meses, o que permite a progress\u00e3o para o semiaberto.<\/p>\n\n\n\n<p>\u201cFrisa-se que tal valor encontraria correspond\u00eancia a um cumprimento de pena em regime inicial semiaberto, por intelig\u00eancia do artigo 33, \u00a72\u00ba, al\u00ednea \u2018b\u2019, do C\u00f3digo Penal, mas diante da (conhecida) inexist\u00eancia de estabelecimento compat\u00edvel, faz-se necess\u00e1rio desde logo a fixa\u00e7\u00e3o de um regime aberto, m\u00e1xime diante da peculiar situa\u00e7\u00e3o do Embargante -sem preju\u00edzo do manejo de todos os meios legalmente previstos com vistas \u00e0 sua absolvi\u00e7\u00e3o e manuten\u00e7\u00e3o da presun\u00e7\u00e3o de inoc\u00eancia nos moldes assegurados no Texto Constitucional\u201d, escrevem os advogados na pe\u00e7a.<\/p>\n\n\n\n<p>Cristiano Zanin, advogado do ex-presidente, disse \u00e0 Folha que o pedido de progress\u00e3o de regime ocorre de forma subsidi\u00e1ria, e que o objetivo principal dos embargos protocolados nesta sexta-feira \u00e9 a anula\u00e7\u00e3o do processo e a absolvi\u00e7\u00e3o de Lula.<\/p>\n\n\n\n<p>\u201cEstamos mostrando diversas omiss\u00f5es, contradi\u00e7\u00f5es e obscuridades [no ac\u00f3rd\u00e3o] e pedindo que elas sejam corrigidas. Para que as teses defensivas, notadamente aquelas que buscam a absolvi\u00e7\u00e3o, sejam acolhidas\u201d, disse Zanin. \u201cO foco central do recurso \u00e9 corrigir esses erros, para que o tribunal possa absolver o ex-presidente.\u201d<a href=\"https:\/\/paraibaonline.com.br\/#whatsapp\" rel=\"noreferrer noopener\" target=\"_blank\">WhatsApp<\/a><a href=\"https:\/\/paraibaonline.com.br\/#facebook\" rel=\"noreferrer noopener\" target=\"_blank\">Facebook<\/a><a href=\"https:\/\/paraibaonline.com.br\/#facebook_messenger\" rel=\"noreferrer noopener\" target=\"_blank\">Facebook Messenger<\/a><a href=\"https:\/\/paraibaonline.com.br\/#twitter\" rel=\"noreferrer noopener\" target=\"_blank\">Twitter<\/a><a href=\"https:\/\/paraibaonline.com.br\/#email\" rel=\"noreferrer noopener\" target=\"_blank\">Email<\/a><a href=\"https:\/\/paraibaonline.com.br\/#copy_link\" rel=\"noreferrer noopener\" target=\"_blank\"><strong><\/strong><br><\/a><\/p>\n","protected":false},"excerpt":{"rendered":"<p>A defesa de Luiz In\u00e1cio Lula da Silva entrou com um pedido no STJ (Superior Tribunal de Justi\u00e7a) para que o ex-presidente passe a cumprir&hellip; <\/p>\n","protected":false},"author":1,"featured_media":94633,"comment_status":"closed","ping_status":"closed","sticky":false,"template":"","format":"standard","meta":{"sfsi_plus_gutenberg_text_before_share":"","sfsi_plus_gutenberg_show_text_before_share":"","sfsi_plus_gutenberg_icon_type":"","sfsi_plus_gutenberg_icon_alignemt":"","sfsi_plus_gutenburg_max_per_row":"","footnotes":""},"categories":[2],"tags":[],"class_list":["post-94631","post","type-post","status-publish","format-standard","has-post-thumbnail","hentry","category-geral"],"_links":{"self":[{"href":"https:\/\/www.caririemacao.com\/1\/wp-json\/wp\/v2\/posts\/94631","targetHints":{"allow":["GET"]}}],"collection":[{"href":"https:\/\/www.caririemacao.com\/1\/wp-json\/wp\/v2\/posts"}],"about":[{"href":"https:\/\/www.caririemacao.com\/1\/wp-json\/wp\/v2\/types\/post"}],"author":[{"embeddable":true,"href":"https:\/\/www.caririemacao.com\/1\/wp-json\/wp\/v2\/users\/1"}],"replies":[{"embeddable":true,"href":"https:\/\/www.caririemacao.com\/1\/wp-json\/wp\/v2\/comments?post=94631"}],"version-history":[{"count":1,"href":"https:\/\/www.caririemacao.com\/1\/wp-json\/wp\/v2\/posts\/94631\/revisions"}],"predecessor-version":[{"id":94632,"href":"https:\/\/www.caririemacao.com\/1\/wp-json\/wp\/v2\/posts\/94631\/revisions\/94632"}],"wp:featuredmedia":[{"embeddable":true,"href":"https:\/\/www.caririemacao.com\/1\/wp-json\/wp\/v2\/media\/94633"}],"wp:attachment":[{"href":"https:\/\/www.caririemacao.com\/1\/wp-json\/wp\/v2\/media?parent=94631"}],"wp:term":[{"taxonomy":"category","embeddable":true,"href":"https:\/\/www.caririemacao.com\/1\/wp-json\/wp\/v2\/categories?post=94631"},{"taxonomy":"post_tag","embeddable":true,"href":"https:\/\/www.caririemacao.com\/1\/wp-json\/wp\/v2\/tags?post=94631"}],"curies":[{"name":"wp","href":"https:\/\/api.w.org\/{rel}","templated":true}]}}