{"id":94636,"date":"2019-05-11T14:38:16","date_gmt":"2019-05-11T17:38:16","guid":{"rendered":"http:\/\/www.caririemacao.com\/1\/?p=94636"},"modified":"2019-05-11T14:38:16","modified_gmt":"2019-05-11T17:38:16","slug":"sudema-classifica-25-praias-como-improprias-para-o-banho-no-litoral-paraibano","status":"publish","type":"post","link":"https:\/\/www.caririemacao.com\/1\/2019\/05\/11\/sudema-classifica-25-praias-como-improprias-para-o-banho-no-litoral-paraibano\/","title":{"rendered":"Sudema classifica 25 praias como impr\u00f3prias para o banho no litoral paraibano"},"content":{"rendered":"\n<p>&nbsp;Superintend\u00eancia de Administra\u00e7\u00e3o do Meio Ambiente (Sudema) classificou 25&nbsp;praias como impr\u00f3prias para banho no litoral paraibano, neste final de semana. As informa\u00e7\u00f5es est\u00e3o no relat\u00f3rio&nbsp;emitido pelo laborat\u00f3rio da Coordenadoria de Medi\u00e7\u00f5es Ambientais (CMA) .<\/p>\n\n\n\n<p>&nbsp;Em contrapartida, o \u00f3rg\u00e3o ambiental classificou como pr\u00f3prias para o banho 31&nbsp;praias.&nbsp;Nelas, a qualidade da \u00e1gua varia entre excelente, muito boa e satisfat\u00f3ria.<\/p>\n\n\n\n<p>Na capital,est\u00e3o impr\u00f3prias a praia do Bessa, pr\u00f3ximo ao macei\u00f3, em frente \u00e0 antiga Sorveteria Friandise, localizada na avenida Presidente Afonso Pena. Bessa II, 100 metros \u00e0 direita e \u00e0 esquerda da resid\u00eancia n\u00famero 2001. Caribessa, pr\u00f3ximo ao trecho final da rua Dr. Abel Beltr\u00e3o, 100 m \u00e0 direita e \u00e0 esquerda da desembocadura da galeria pluvial;a praia de Mana\u00edra, 100 metros \u00e0 direita e \u00e0 esquerda da quadra de Mana\u00edra e da Pousada Verde Mar, ambas na avenida Jo\u00e3o Maur\u00edcio, e da galeria pluvial no final da avenida Senador Ruy Carneiro; a praia do Cabo Branco, 100 metros \u00e0 direita e \u00e0 esquerda do final da avenida Monsenhor Odilon Coutinho, da avenida Buarque, da rua \u00c1urea, da rotat\u00f3ria ao final da avenida Cabo Branco e da desembocadura de galeria pluvial.<\/p>\n\n\n\n<p>Ainda em Jo\u00e3o Pessoa, a praia do Seixas, 100 metros \u00e0 esquerda e \u00e0 direita da desembocadura de galeria pluvial, ao fim da rua dos Pescadores; praia da Penha, 100 metros \u00e0 direita e \u00e0 esquerda das desembocaduras do Rio Aratu e do Rio do Cabelo;raia de Jacarap\u00e9, em frente \u00e0 desembocadura do Rio Jacarap\u00e9; e a praia do Arraial, 100 metros \u00e0 direita e 100 metros \u00e0 esquerda da desembocadura do Rio Cui\u00e1.<\/p>\n\n\n\n<p>No munic\u00edpio de Cabedelo, est\u00e3o classificadas como impr\u00f3prias, a praia do Jacar\u00e9, \u00e0 direita do estu\u00e1rio do rio Para\u00edba; praia de Miramar, ao fim da avenida Cassiano da Cunha N\u00f3brega, em frente ao Bar das Meninas; praia de Formosa, ao fim da rua Monsenhor Jos\u00e9 Coutinho da Silva, em frente ao estabelecimento Marina Formosa; praia de Areia Dourada, logo ap\u00f3s o estabelecimento Marina do Alem\u00e3o; praia de Camboinha, ao fim da rua Ben\u00edcio de Oliveira, pr\u00f3ximo \u00e0 desembocadura de galeria pluvial; e praia&nbsp;de Ponta de Campina, nas proximidades da galeria de \u00e1guas pluviais que desembocam no mar.<\/p>\n\n\n\n<p>No orla do munic\u00edpio de Pitimbu, a Sudema recomenda n\u00e3o tomar banho nas praias&nbsp;do Macei\u00f3, em frente \u00e0 desembocadura do Riacho Engenho Velho; praia da Guarita, 100 metros \u00e0 direita e \u00e0 esquerda da desembocadura da lagoa; praia do Azul\/Santa Rita, nas proximidades das desembocaduras das galerias de \u00e1guas pluviais; praia dos Coqueiros, em frente ao n\u00famero 1292, na rua Almirante Tamandar\u00e9; praia de Aca\u00fa\/Pontinha, no Rio Goiana; e praia&nbsp;de Pitimbu, nas proximidades do final da rua da Paz.<\/p>\n\n\n\n<p>No munic\u00edpio de Lucena, a recomenda\u00e7\u00e3o se aplica a seis trechos: praia de Bonsucesso, ao fim da rua Mariano de Souza Falc\u00e3o, em frente ao estabelecimento comercial Barca\u00e7a Eco Pousada; praia de Ponta de Lucena, em frente ao estabelecimento Peixada do Geraldo; praia de Lucena, evitar o banho pr\u00f3ximo \u00e0 desembocadura do riacho, pr\u00f3ximo \u00e0 rua Ot\u00e1vio M. Falc\u00e3o; praia de Gameleira, pr\u00f3ximo \u00e0 desembocadura do riacho Ara\u00e7\u00e1, na rua Porf\u00edrio Guedes Lucena; praia de Fagundes, ao fim da Travessa S\u00e3o Jos\u00e9; e praia de Costinha, na rua Santo Ant\u00f4nio, em frente ao estabelecimento comercial Peixada Peixe na Brasa, na rua Santo Ant\u00f4nio.<\/p>\n","protected":false},"excerpt":{"rendered":"<p>&nbsp;Superintend\u00eancia de Administra\u00e7\u00e3o do Meio Ambiente (Sudema) classificou 25&nbsp;praias como impr\u00f3prias para banho no litoral paraibano, neste final de semana. As informa\u00e7\u00f5es est\u00e3o no relat\u00f3rio&nbsp;emitido&hellip; <\/p>\n","protected":false},"author":1,"featured_media":94637,"comment_status":"closed","ping_status":"closed","sticky":false,"template":"","format":"standard","meta":{"sfsi_plus_gutenberg_text_before_share":"","sfsi_plus_gutenberg_show_text_before_share":"","sfsi_plus_gutenberg_icon_type":"","sfsi_plus_gutenberg_icon_alignemt":"","sfsi_plus_gutenburg_max_per_row":"","footnotes":""},"categories":[2],"tags":[],"class_list":["post-94636","post","type-post","status-publish","format-standard","has-post-thumbnail","hentry","category-geral"],"_links":{"self":[{"href":"https:\/\/www.caririemacao.com\/1\/wp-json\/wp\/v2\/posts\/94636","targetHints":{"allow":["GET"]}}],"collection":[{"href":"https:\/\/www.caririemacao.com\/1\/wp-json\/wp\/v2\/posts"}],"about":[{"href":"https:\/\/www.caririemacao.com\/1\/wp-json\/wp\/v2\/types\/post"}],"author":[{"embeddable":true,"href":"https:\/\/www.caririemacao.com\/1\/wp-json\/wp\/v2\/users\/1"}],"replies":[{"embeddable":true,"href":"https:\/\/www.caririemacao.com\/1\/wp-json\/wp\/v2\/comments?post=94636"}],"version-history":[{"count":1,"href":"https:\/\/www.caririemacao.com\/1\/wp-json\/wp\/v2\/posts\/94636\/revisions"}],"predecessor-version":[{"id":94638,"href":"https:\/\/www.caririemacao.com\/1\/wp-json\/wp\/v2\/posts\/94636\/revisions\/94638"}],"wp:featuredmedia":[{"embeddable":true,"href":"https:\/\/www.caririemacao.com\/1\/wp-json\/wp\/v2\/media\/94637"}],"wp:attachment":[{"href":"https:\/\/www.caririemacao.com\/1\/wp-json\/wp\/v2\/media?parent=94636"}],"wp:term":[{"taxonomy":"category","embeddable":true,"href":"https:\/\/www.caririemacao.com\/1\/wp-json\/wp\/v2\/categories?post=94636"},{"taxonomy":"post_tag","embeddable":true,"href":"https:\/\/www.caririemacao.com\/1\/wp-json\/wp\/v2\/tags?post=94636"}],"curies":[{"name":"wp","href":"https:\/\/api.w.org\/{rel}","templated":true}]}}