{"id":94647,"date":"2019-05-11T15:13:02","date_gmt":"2019-05-11T18:13:02","guid":{"rendered":"http:\/\/www.caririemacao.com\/1\/?p=94647"},"modified":"2019-05-11T15:13:02","modified_gmt":"2019-05-11T18:13:02","slug":"prefeitura-de-sao-sebastiao-do-umbuzeiro-realiza-festa-das-maes-neste-sabado","status":"publish","type":"post","link":"https:\/\/www.caririemacao.com\/1\/2019\/05\/11\/prefeitura-de-sao-sebastiao-do-umbuzeiro-realiza-festa-das-maes-neste-sabado\/","title":{"rendered":"Prefeitura de S\u00e3o Sebasti\u00e3o do Umbuzeiro realiza Festa das M\u00e3es neste s\u00e1bado"},"content":{"rendered":"\n<p>A Prefeitura de S\u00e3o Sebasti\u00e3o do Umbuzeiro, atrav\u00e9s do CRAS, Secretaria de Desenvolvimento Social e Secretaria de Educa\u00e7\u00e3o, realiza uma grande festa para homenagear as m\u00e3es do munic\u00edpio neste s\u00e1bado, dia 11, a partir das 17h, na Pra\u00e7a de Eventos.<\/p>\n\n\n\n<p>O Prefeito Adriano Wolff informou que haver\u00e1 a distribui\u00e7\u00e3o de brindes para todas as m\u00e3es, bingo e apresenta\u00e7\u00f5es culturais, al\u00e9m de show com Claudenir Fernandes. <\/p>\n\n\n\n<p>Adriano aproveitou ainda, para antecipadamente, parabenizar todas as m\u00e3es de S\u00e3o Sebasti\u00e3o do Umbuzeiro pelo o seu dia.<\/p>\n","protected":false},"excerpt":{"rendered":"<p>A Prefeitura de S\u00e3o Sebasti\u00e3o do Umbuzeiro, atrav\u00e9s do CRAS, Secretaria de Desenvolvimento Social e Secretaria de Educa\u00e7\u00e3o, realiza uma grande festa para homenagear as&hellip; <\/p>\n","protected":false},"author":1,"featured_media":94648,"comment_status":"closed","ping_status":"closed","sticky":false,"template":"","format":"standard","meta":{"sfsi_plus_gutenberg_text_before_share":"","sfsi_plus_gutenberg_show_text_before_share":"","sfsi_plus_gutenberg_icon_type":"","sfsi_plus_gutenberg_icon_alignemt":"","sfsi_plus_gutenburg_max_per_row":"","footnotes":""},"categories":[2],"tags":[],"class_list":["post-94647","post","type-post","status-publish","format-standard","has-post-thumbnail","hentry","category-geral"],"_links":{"self":[{"href":"https:\/\/www.caririemacao.com\/1\/wp-json\/wp\/v2\/posts\/94647","targetHints":{"allow":["GET"]}}],"collection":[{"href":"https:\/\/www.caririemacao.com\/1\/wp-json\/wp\/v2\/posts"}],"about":[{"href":"https:\/\/www.caririemacao.com\/1\/wp-json\/wp\/v2\/types\/post"}],"author":[{"embeddable":true,"href":"https:\/\/www.caririemacao.com\/1\/wp-json\/wp\/v2\/users\/1"}],"replies":[{"embeddable":true,"href":"https:\/\/www.caririemacao.com\/1\/wp-json\/wp\/v2\/comments?post=94647"}],"version-history":[{"count":1,"href":"https:\/\/www.caririemacao.com\/1\/wp-json\/wp\/v2\/posts\/94647\/revisions"}],"predecessor-version":[{"id":94649,"href":"https:\/\/www.caririemacao.com\/1\/wp-json\/wp\/v2\/posts\/94647\/revisions\/94649"}],"wp:featuredmedia":[{"embeddable":true,"href":"https:\/\/www.caririemacao.com\/1\/wp-json\/wp\/v2\/media\/94648"}],"wp:attachment":[{"href":"https:\/\/www.caririemacao.com\/1\/wp-json\/wp\/v2\/media?parent=94647"}],"wp:term":[{"taxonomy":"category","embeddable":true,"href":"https:\/\/www.caririemacao.com\/1\/wp-json\/wp\/v2\/categories?post=94647"},{"taxonomy":"post_tag","embeddable":true,"href":"https:\/\/www.caririemacao.com\/1\/wp-json\/wp\/v2\/tags?post=94647"}],"curies":[{"name":"wp","href":"https:\/\/api.w.org\/{rel}","templated":true}]}}