{"id":94652,"date":"2019-05-11T15:14:32","date_gmt":"2019-05-11T18:14:32","guid":{"rendered":"http:\/\/www.caririemacao.com\/1\/?p=94652"},"modified":"2019-05-11T15:14:32","modified_gmt":"2019-05-11T18:14:32","slug":"maes-do-municipio-da-zabele-recebem-homenagens-da-prefeitura","status":"publish","type":"post","link":"https:\/\/www.caririemacao.com\/1\/2019\/05\/11\/maes-do-municipio-da-zabele-recebem-homenagens-da-prefeitura\/","title":{"rendered":"M\u00e3es do munic\u00edpio da Zabel\u00ea recebem homenagens da Prefeitura"},"content":{"rendered":"\n<p>O Dia das M\u00e3es \u00e9 comemorado neste domingo (12). Mas, desde ontem,&nbsp; as mam\u00e3es do munic\u00edpio de Zabel\u00ea, no Cariri Ocidental, celebram a data que \u00e9 uma das mais festivas de todo o planeta terra. Conhecedor da import\u00e2ncia do momento, o prefeito Dalyson Neves (PSDB) e toda a sua equipe de auxiliares n\u00e3o pouparam esfor\u00e7os para realizarem um evento que estivesse a altura das homenageadas.&nbsp;<br>Para isso, a gest\u00e3o municipal transformou a Quadra Poliesportiva&nbsp;da Escola Maria Bezerra da Silva em um grande sal\u00e3o de festas para receber \u00e0quelas que nasceram com o dom de perfumar, enfeitar e colorir os jardins das vidas de cada um de n\u00f3s, ou seja, as m\u00e3es. A gest\u00e3o zabeleense percebe o valor que cada uma tem para a constru\u00e7\u00e3o de uma vida melhor.<br>As mam\u00e3es zabeleenses contaram com uma programa\u00e7\u00e3o que, com toda certeza, vai fazer com que a data se torne ainda mais marcante. Foram apresenta\u00e7\u00f5es&nbsp;culturais, palestra, bingos, sorteios de eletrodom\u00e9sticos e de utens\u00edlios de cozinha, entre outros e m\u00fasica. A palestra ficou por conta do padre Marcos que levou, al\u00e9m de boas palavras, muitas b\u00ean\u00e7\u00e3os as m\u00e3es da cidade.<br>O&nbsp; encerramento foi coroado com um jantar oferecido pela gest\u00e3o que acabou se transformando numa grande confraterniza\u00e7\u00e3o das fam\u00edlias do munic\u00edpio&nbsp;porque ,ali, cada m\u00e3e representou um n\u00facleo familiar.&nbsp; O prefeito Dalyson Neves (PSDB), o vice, Jos\u00e9 Cl\u00e1udio (DEM), secret\u00e1rios e demais auxiliares explicaram que a comemora\u00e7\u00e3o foi al\u00e9m das expectativas e que a presen\u00e7a das m\u00e3es garantiram o brilho que elas mereciam e merecem.<strong>&nbsp;(S\u00d3PB)<\/strong><\/p>\n","protected":false},"excerpt":{"rendered":"<p>O Dia das M\u00e3es \u00e9 comemorado neste domingo (12). Mas, desde ontem,&nbsp; as mam\u00e3es do munic\u00edpio de Zabel\u00ea, no Cariri Ocidental, celebram a data que&hellip; <\/p>\n","protected":false},"author":1,"featured_media":77673,"comment_status":"closed","ping_status":"closed","sticky":false,"template":"","format":"standard","meta":{"sfsi_plus_gutenberg_text_before_share":"","sfsi_plus_gutenberg_show_text_before_share":"","sfsi_plus_gutenberg_icon_type":"","sfsi_plus_gutenberg_icon_alignemt":"","sfsi_plus_gutenburg_max_per_row":"","footnotes":""},"categories":[50,2],"tags":[],"class_list":["post-94652","post","type-post","status-publish","format-standard","has-post-thumbnail","hentry","category-destaque","category-geral"],"_links":{"self":[{"href":"https:\/\/www.caririemacao.com\/1\/wp-json\/wp\/v2\/posts\/94652","targetHints":{"allow":["GET"]}}],"collection":[{"href":"https:\/\/www.caririemacao.com\/1\/wp-json\/wp\/v2\/posts"}],"about":[{"href":"https:\/\/www.caririemacao.com\/1\/wp-json\/wp\/v2\/types\/post"}],"author":[{"embeddable":true,"href":"https:\/\/www.caririemacao.com\/1\/wp-json\/wp\/v2\/users\/1"}],"replies":[{"embeddable":true,"href":"https:\/\/www.caririemacao.com\/1\/wp-json\/wp\/v2\/comments?post=94652"}],"version-history":[{"count":1,"href":"https:\/\/www.caririemacao.com\/1\/wp-json\/wp\/v2\/posts\/94652\/revisions"}],"predecessor-version":[{"id":94653,"href":"https:\/\/www.caririemacao.com\/1\/wp-json\/wp\/v2\/posts\/94652\/revisions\/94653"}],"wp:featuredmedia":[{"embeddable":true,"href":"https:\/\/www.caririemacao.com\/1\/wp-json\/wp\/v2\/media\/77673"}],"wp:attachment":[{"href":"https:\/\/www.caririemacao.com\/1\/wp-json\/wp\/v2\/media?parent=94652"}],"wp:term":[{"taxonomy":"category","embeddable":true,"href":"https:\/\/www.caririemacao.com\/1\/wp-json\/wp\/v2\/categories?post=94652"},{"taxonomy":"post_tag","embeddable":true,"href":"https:\/\/www.caririemacao.com\/1\/wp-json\/wp\/v2\/tags?post=94652"}],"curies":[{"name":"wp","href":"https:\/\/api.w.org\/{rel}","templated":true}]}}