{"id":94659,"date":"2019-05-11T15:18:04","date_gmt":"2019-05-11T18:18:04","guid":{"rendered":"http:\/\/www.caririemacao.com\/1\/?p=94659"},"modified":"2019-05-11T15:18:04","modified_gmt":"2019-05-11T18:18:04","slug":"professores-da-ufcg-em-sume-lancam-livro-sobre-genetica-populacional","status":"publish","type":"post","link":"https:\/\/www.caririemacao.com\/1\/2019\/05\/11\/professores-da-ufcg-em-sume-lancam-livro-sobre-genetica-populacional\/","title":{"rendered":"Professores da UFCG em Sum\u00e9 lan\u00e7am livro sobre gen\u00e9tica populacional"},"content":{"rendered":"\n<p>Foi lan\u00e7ado pelos professores da Univesidade Federal de Campina Grande, Rafael Trindade Maia (Campus de Sum\u00e9) e Magn\u00f3lia de Ara\u00fajo Campos (Campus de Cuit\u00e9), a obra internacional intitulada \u201cIntegrated View of Population Genetics\u201d.<\/p>\n\n\n\n<p>A obra \u00e9 dividida em tr\u00eas se\u00e7\u00f5es (Popula\u00e7\u00e3o e Gen\u00e9tica Quantitativa, Diversidade Gen\u00e9tica no Manejo de Cultivos, Gen\u00e9tica Populacional para Estudos de Conserva\u00e7\u00e3o) e sua vers\u00e3o eletr\u00f4nica pode ser baixada gratuitamente pelo endere\u00e7o: https:\/\/www.intechopen.com\/books\/integrated-view-of-population-genetics. O livro foi editado pela IntechOpen, editora de livros cient\u00edficos.<\/p>\n\n\n\n<p>A gen\u00e9tica populacional \u00e9 a base de estudos evolutivos e tem sido amplamente utilizada em v\u00e1rias pesquisas. Este campo recente da ci\u00eancia tem aplica\u00e7\u00f5es importantes para o manejo de popula\u00e7\u00f5es (naturais e domesticadas), bem como para estudos evolutivos dos v\u00e1rios fatores que afetam as frequ\u00eancias g\u00eanicas ao longo do tempo e distribui\u00e7\u00e3o espacial.<\/p>\n\n\n\n<p>Neste trabalho, apresentado em tr\u00eas se\u00e7\u00f5es, o leitor encontrar\u00e1 informa\u00e7\u00f5es de ponta em trabalhos cuidadosamente selecionados e revisados. Este livro destina-se a todos os pesquisadores, acad\u00eamicos e estudantes interessados na \u00e1rea intrigante da gen\u00e9tica de popula\u00e7\u00f5es.<\/p>\n","protected":false},"excerpt":{"rendered":"<p>Foi lan\u00e7ado pelos professores da Univesidade Federal de Campina Grande, Rafael Trindade Maia (Campus de Sum\u00e9) e Magn\u00f3lia de Ara\u00fajo Campos (Campus de Cuit\u00e9), a&hellip; <\/p>\n","protected":false},"author":1,"featured_media":94660,"comment_status":"closed","ping_status":"closed","sticky":false,"template":"","format":"standard","meta":{"sfsi_plus_gutenberg_text_before_share":"","sfsi_plus_gutenberg_show_text_before_share":"","sfsi_plus_gutenberg_icon_type":"","sfsi_plus_gutenberg_icon_alignemt":"","sfsi_plus_gutenburg_max_per_row":"","footnotes":""},"categories":[14],"tags":[],"class_list":["post-94659","post","type-post","status-publish","format-standard","has-post-thumbnail","hentry","category-educacao"],"_links":{"self":[{"href":"https:\/\/www.caririemacao.com\/1\/wp-json\/wp\/v2\/posts\/94659","targetHints":{"allow":["GET"]}}],"collection":[{"href":"https:\/\/www.caririemacao.com\/1\/wp-json\/wp\/v2\/posts"}],"about":[{"href":"https:\/\/www.caririemacao.com\/1\/wp-json\/wp\/v2\/types\/post"}],"author":[{"embeddable":true,"href":"https:\/\/www.caririemacao.com\/1\/wp-json\/wp\/v2\/users\/1"}],"replies":[{"embeddable":true,"href":"https:\/\/www.caririemacao.com\/1\/wp-json\/wp\/v2\/comments?post=94659"}],"version-history":[{"count":1,"href":"https:\/\/www.caririemacao.com\/1\/wp-json\/wp\/v2\/posts\/94659\/revisions"}],"predecessor-version":[{"id":94661,"href":"https:\/\/www.caririemacao.com\/1\/wp-json\/wp\/v2\/posts\/94659\/revisions\/94661"}],"wp:featuredmedia":[{"embeddable":true,"href":"https:\/\/www.caririemacao.com\/1\/wp-json\/wp\/v2\/media\/94660"}],"wp:attachment":[{"href":"https:\/\/www.caririemacao.com\/1\/wp-json\/wp\/v2\/media?parent=94659"}],"wp:term":[{"taxonomy":"category","embeddable":true,"href":"https:\/\/www.caririemacao.com\/1\/wp-json\/wp\/v2\/categories?post=94659"},{"taxonomy":"post_tag","embeddable":true,"href":"https:\/\/www.caririemacao.com\/1\/wp-json\/wp\/v2\/tags?post=94659"}],"curies":[{"name":"wp","href":"https:\/\/api.w.org\/{rel}","templated":true}]}}