{"id":94664,"date":"2019-05-11T15:21:55","date_gmt":"2019-05-11T18:21:55","guid":{"rendered":"http:\/\/www.caririemacao.com\/1\/?p=94664"},"modified":"2019-05-11T15:21:55","modified_gmt":"2019-05-11T18:21:55","slug":"ufpb-desenvolve-biblioteca-virtual-da-biodiversidade","status":"publish","type":"post","link":"https:\/\/www.caririemacao.com\/1\/2019\/05\/11\/ufpb-desenvolve-biblioteca-virtual-da-biodiversidade\/","title":{"rendered":"UFPB desenvolve Biblioteca Virtual da Biodiversidade"},"content":{"rendered":"\n<p>A partir de parceira da Empresa Brasileira de Pesquisa Agropecu\u00e1ria (Embrapa) com a Universidade Federal da Para\u00edba (UFPB) e com a Universidade de S\u00e3o Paulo (USP), est\u00e1 surgindo uma das maiores bibliotecas virtuais de biodiversidade do Brasil.&nbsp;<\/p>\n\n\n\n<p>A iniciativa teve in\u00edcio a partir de um projeto de pesquisa desenvolvido pelo professor da USP Fernando Batista da Costa, enquanto atuava como pesquisador visitante no projeto Embrapa Tropical.&nbsp;<\/p>\n\n\n\n<p>O acervo digital j\u00e1 conta com dados de 100 subst\u00e2ncias naturais e mais 100 extratos vegetais. Segundo Fernando, ser\u00e3o cadastrados inicialmente plantas com maior interesse comercial, com propriedades aliment\u00edcias e medicinais. As primeiras frutas a entrarem para a biblioteca s\u00e3o o caj\u00e1, caju e abacaxi.&nbsp;<\/p>\n\n\n\n<p>Toda a tecnologia de armazenamento destes dados est\u00e1 sendo desenvolvida pelo Laborat\u00f3rio de Quimioinform\u00e1tica da UFPB, coordenado pelo professor Marcus Scotti, do Departamento de Qu\u00edmica e da P\u00f3s-Gradua\u00e7\u00e3o em Produtos Materiais e Sint\u00e9ticos Bioativos da UFPB.<\/p>\n\n\n\n<p>De acordo com Marcus, o sistema necessitar\u00e1 apenas de um computador com navegador web para ser acessado. \u201cCom o sistema desenvolvido, os integrantes do projeto poder\u00e3o gerenciar seus dados e extrair informa\u00e7\u00f5es de maneira otimizada, r\u00e1pida e com baixo custo computacional\u201d, afirma o coordenador do projeto.&nbsp;<\/p>\n\n\n\n<p>O grupo de Quimioinform\u00e1tica da UFPB \u00e9 especializado no desenvolvimento de ferramentas para gerenciamento de dados de produtos naturais na web, j\u00e1 tendo criado anteriormente o SistematX, que conta com dados cient\u00edficos de diversas plantas.<\/p>\n\n\n\n<p>Espera-se que, atrav\u00e9s da identifica\u00e7\u00e3o e cataloga\u00e7\u00e3o de extratos e subst\u00e2ncias bioativas, a biblioteca possa ser utilizada para entender intera\u00e7\u00f5es ecol\u00f3gicas, descobrir novos f\u00e1rmacos e melhorar a produtividade das plantas.&nbsp;<\/p>\n\n\n\n<p>Ainda est\u00e1 em discuss\u00e3o se a base de dados ser\u00e1 acess\u00edvel a pesquisadores ou apenas a parceiros da Embrapa. A previs\u00e3o \u00e9 de que a Biblioteca Virtual da Biodiversidade seja lan\u00e7ada ainda neste ano.<\/p>\n","protected":false},"excerpt":{"rendered":"<p>A partir de parceira da Empresa Brasileira de Pesquisa Agropecu\u00e1ria (Embrapa) com a Universidade Federal da Para\u00edba (UFPB) e com a Universidade de S\u00e3o Paulo&hellip; <\/p>\n","protected":false},"author":1,"featured_media":23626,"comment_status":"closed","ping_status":"closed","sticky":false,"template":"","format":"standard","meta":{"sfsi_plus_gutenberg_text_before_share":"","sfsi_plus_gutenberg_show_text_before_share":"","sfsi_plus_gutenberg_icon_type":"","sfsi_plus_gutenberg_icon_alignemt":"","sfsi_plus_gutenburg_max_per_row":"","footnotes":""},"categories":[50,14],"tags":[],"class_list":["post-94664","post","type-post","status-publish","format-standard","has-post-thumbnail","hentry","category-destaque","category-educacao"],"_links":{"self":[{"href":"https:\/\/www.caririemacao.com\/1\/wp-json\/wp\/v2\/posts\/94664","targetHints":{"allow":["GET"]}}],"collection":[{"href":"https:\/\/www.caririemacao.com\/1\/wp-json\/wp\/v2\/posts"}],"about":[{"href":"https:\/\/www.caririemacao.com\/1\/wp-json\/wp\/v2\/types\/post"}],"author":[{"embeddable":true,"href":"https:\/\/www.caririemacao.com\/1\/wp-json\/wp\/v2\/users\/1"}],"replies":[{"embeddable":true,"href":"https:\/\/www.caririemacao.com\/1\/wp-json\/wp\/v2\/comments?post=94664"}],"version-history":[{"count":1,"href":"https:\/\/www.caririemacao.com\/1\/wp-json\/wp\/v2\/posts\/94664\/revisions"}],"predecessor-version":[{"id":94665,"href":"https:\/\/www.caririemacao.com\/1\/wp-json\/wp\/v2\/posts\/94664\/revisions\/94665"}],"wp:featuredmedia":[{"embeddable":true,"href":"https:\/\/www.caririemacao.com\/1\/wp-json\/wp\/v2\/media\/23626"}],"wp:attachment":[{"href":"https:\/\/www.caririemacao.com\/1\/wp-json\/wp\/v2\/media?parent=94664"}],"wp:term":[{"taxonomy":"category","embeddable":true,"href":"https:\/\/www.caririemacao.com\/1\/wp-json\/wp\/v2\/categories?post=94664"},{"taxonomy":"post_tag","embeddable":true,"href":"https:\/\/www.caririemacao.com\/1\/wp-json\/wp\/v2\/tags?post=94664"}],"curies":[{"name":"wp","href":"https:\/\/api.w.org\/{rel}","templated":true}]}}