{"id":94668,"date":"2019-05-11T15:23:02","date_gmt":"2019-05-11T18:23:02","guid":{"rendered":"http:\/\/www.caririemacao.com\/1\/?p=94668"},"modified":"2019-05-11T15:23:02","modified_gmt":"2019-05-11T18:23:02","slug":"ufpb-oferta-340-vagas-na-2a-edicao-do-sisu-2019","status":"publish","type":"post","link":"https:\/\/www.caririemacao.com\/1\/2019\/05\/11\/ufpb-oferta-340-vagas-na-2a-edicao-do-sisu-2019\/","title":{"rendered":"UFPB oferta 340 vagas na 2\u00aa edi\u00e7\u00e3o do Sisu 2019"},"content":{"rendered":"\n<p>A Universidade Federal da Para\u00edba&nbsp;oferta 340 vagas na 2\u00b0 Edi\u00e7\u00e3o do Sisu 2019, para 70 cursos dos quatro campi da institui\u00e7\u00e3o. Desse total, 153 s\u00e3o para ampla concorr\u00eancia e 187 para reserva de vagas.&nbsp;<\/p>\n\n\n\n<p>O termo de ades\u00e3o foi divulgado na noite desta sexta-feira (10).&nbsp;<br><\/p>\n\n\n\n<p><a href=\"http:\/\/www.prg.ufpb.br\/prg\/codesc\/processos-seletivos\/noticias\/sisu-1a-edicao-2019-1\">Confira<\/a><\/p>\n\n\n\n<p>O quantitativo de vagas para cada curso e nota m\u00ednima devem ser verificados no documento.&nbsp;O cronograma do Sisu 2019.2 deve ser divulgado em breve.<\/p>\n","protected":false},"excerpt":{"rendered":"<p>A Universidade Federal da Para\u00edba&nbsp;oferta 340 vagas na 2\u00b0 Edi\u00e7\u00e3o do Sisu 2019, para 70 cursos dos quatro campi da institui\u00e7\u00e3o. Desse total, 153 s\u00e3o&hellip; <\/p>\n","protected":false},"author":1,"featured_media":38209,"comment_status":"closed","ping_status":"closed","sticky":false,"template":"","format":"standard","meta":{"sfsi_plus_gutenberg_text_before_share":"","sfsi_plus_gutenberg_show_text_before_share":"","sfsi_plus_gutenberg_icon_type":"","sfsi_plus_gutenberg_icon_alignemt":"","sfsi_plus_gutenburg_max_per_row":"","footnotes":""},"categories":[2],"tags":[],"class_list":["post-94668","post","type-post","status-publish","format-standard","has-post-thumbnail","hentry","category-geral"],"_links":{"self":[{"href":"https:\/\/www.caririemacao.com\/1\/wp-json\/wp\/v2\/posts\/94668","targetHints":{"allow":["GET"]}}],"collection":[{"href":"https:\/\/www.caririemacao.com\/1\/wp-json\/wp\/v2\/posts"}],"about":[{"href":"https:\/\/www.caririemacao.com\/1\/wp-json\/wp\/v2\/types\/post"}],"author":[{"embeddable":true,"href":"https:\/\/www.caririemacao.com\/1\/wp-json\/wp\/v2\/users\/1"}],"replies":[{"embeddable":true,"href":"https:\/\/www.caririemacao.com\/1\/wp-json\/wp\/v2\/comments?post=94668"}],"version-history":[{"count":1,"href":"https:\/\/www.caririemacao.com\/1\/wp-json\/wp\/v2\/posts\/94668\/revisions"}],"predecessor-version":[{"id":94669,"href":"https:\/\/www.caririemacao.com\/1\/wp-json\/wp\/v2\/posts\/94668\/revisions\/94669"}],"wp:featuredmedia":[{"embeddable":true,"href":"https:\/\/www.caririemacao.com\/1\/wp-json\/wp\/v2\/media\/38209"}],"wp:attachment":[{"href":"https:\/\/www.caririemacao.com\/1\/wp-json\/wp\/v2\/media?parent=94668"}],"wp:term":[{"taxonomy":"category","embeddable":true,"href":"https:\/\/www.caririemacao.com\/1\/wp-json\/wp\/v2\/categories?post=94668"},{"taxonomy":"post_tag","embeddable":true,"href":"https:\/\/www.caririemacao.com\/1\/wp-json\/wp\/v2\/tags?post=94668"}],"curies":[{"name":"wp","href":"https:\/\/api.w.org\/{rel}","templated":true}]}}