{"id":94672,"date":"2019-05-11T15:25:57","date_gmt":"2019-05-11T18:25:57","guid":{"rendered":"http:\/\/www.caririemacao.com\/1\/?p=94672"},"modified":"2019-05-11T15:25:57","modified_gmt":"2019-05-11T18:25:57","slug":"jovem-comete-suicidio-apos-chegar-de-festa-no-sertao","status":"publish","type":"post","link":"https:\/\/www.caririemacao.com\/1\/2019\/05\/11\/jovem-comete-suicidio-apos-chegar-de-festa-no-sertao\/","title":{"rendered":"Jovem comete suic\u00eddio ap\u00f3s chegar de festa no sert\u00e3o"},"content":{"rendered":"\n<p>Familiares do jovem universit\u00e1rio Wendell Gomes, de apenas 22 anos acordaram com uma tr\u00e1gica not\u00edcia na manh\u00e3 deste s\u00e1bado (11), na cidade de Itaporanga (PB). Segundo informa\u00e7\u00f5es, ap\u00f3s chegar de uma festa na madrugada, possivelmente sob o efeito de \u00e1lcool, o itaporanguense cometeu suic\u00eddio por meio de enforcamento.<\/p>\n\n\n\n<p>Wendell foi encontrado ao lado de sua cama, com o pesco\u00e7o enrolado de cadar\u00e7os de t\u00eanis. A casa do jovem fica na Rua Crizanto Pereira, nas proximidades do Hospital Infantil, no Bairro Bela Vista.<\/p>\n\n\n\n<p>O jovem era filho de Sandoval, servidor aposentado do DER local.<\/p>\n\n\n\n<p>Wendell teria bebido durante toda a madrugada com amigas em uma festa na cidade, por\u00e9m, ningu\u00e9m sabe informar o que teria levado o jovem a por fim a pr\u00f3pria vida.<\/p>\n\n\n\n<p>Fonte: Diamante Online<\/p>\n","protected":false},"excerpt":{"rendered":"<p>Familiares do jovem universit\u00e1rio Wendell Gomes, de apenas 22 anos acordaram com uma tr\u00e1gica not\u00edcia na manh\u00e3 deste s\u00e1bado (11), na cidade de Itaporanga (PB).&hellip; <\/p>\n","protected":false},"author":1,"featured_media":94673,"comment_status":"closed","ping_status":"closed","sticky":false,"template":"","format":"standard","meta":{"sfsi_plus_gutenberg_text_before_share":"","sfsi_plus_gutenberg_show_text_before_share":"","sfsi_plus_gutenberg_icon_type":"","sfsi_plus_gutenberg_icon_alignemt":"","sfsi_plus_gutenburg_max_per_row":"","footnotes":""},"categories":[12],"tags":[],"class_list":["post-94672","post","type-post","status-publish","format-standard","has-post-thumbnail","hentry","category-policia"],"_links":{"self":[{"href":"https:\/\/www.caririemacao.com\/1\/wp-json\/wp\/v2\/posts\/94672","targetHints":{"allow":["GET"]}}],"collection":[{"href":"https:\/\/www.caririemacao.com\/1\/wp-json\/wp\/v2\/posts"}],"about":[{"href":"https:\/\/www.caririemacao.com\/1\/wp-json\/wp\/v2\/types\/post"}],"author":[{"embeddable":true,"href":"https:\/\/www.caririemacao.com\/1\/wp-json\/wp\/v2\/users\/1"}],"replies":[{"embeddable":true,"href":"https:\/\/www.caririemacao.com\/1\/wp-json\/wp\/v2\/comments?post=94672"}],"version-history":[{"count":1,"href":"https:\/\/www.caririemacao.com\/1\/wp-json\/wp\/v2\/posts\/94672\/revisions"}],"predecessor-version":[{"id":94674,"href":"https:\/\/www.caririemacao.com\/1\/wp-json\/wp\/v2\/posts\/94672\/revisions\/94674"}],"wp:featuredmedia":[{"embeddable":true,"href":"https:\/\/www.caririemacao.com\/1\/wp-json\/wp\/v2\/media\/94673"}],"wp:attachment":[{"href":"https:\/\/www.caririemacao.com\/1\/wp-json\/wp\/v2\/media?parent=94672"}],"wp:term":[{"taxonomy":"category","embeddable":true,"href":"https:\/\/www.caririemacao.com\/1\/wp-json\/wp\/v2\/categories?post=94672"},{"taxonomy":"post_tag","embeddable":true,"href":"https:\/\/www.caririemacao.com\/1\/wp-json\/wp\/v2\/tags?post=94672"}],"curies":[{"name":"wp","href":"https:\/\/api.w.org\/{rel}","templated":true}]}}