{"id":94698,"date":"2019-05-12T10:40:39","date_gmt":"2019-05-12T13:40:39","guid":{"rendered":"http:\/\/www.caririemacao.com\/1\/?p=94698"},"modified":"2019-05-12T10:40:39","modified_gmt":"2019-05-12T13:40:39","slug":"botafogo-pb-treina-para-duelo-contra-santa-cruz-pe-pela-serie-c","status":"publish","type":"post","link":"https:\/\/www.caririemacao.com\/1\/2019\/05\/12\/botafogo-pb-treina-para-duelo-contra-santa-cruz-pe-pela-serie-c\/","title":{"rendered":"Botafogo-PB treina para duelo contra Santa Cruz-PE pela S\u00e9rie C"},"content":{"rendered":"\n<p>Ap\u00f3s conquistar vaga in\u00e9dita para a final da Copa do Nordeste, Belo muda o chipe e se prepara para o terceiro jogo do Campeonato Brasileiro da S\u00e9rie C. O duelo ser\u00e1 contra o Santa Cruz de Recife, nesta segunda-feira, no Almeid\u00e3o.<\/p>\n\n\n\n<p>No torneio, o Belo vai tentar a primeira vit\u00f3ria, j\u00e1 que empatou com o Ferrovi\u00e1rio do Cear\u00e1 e o Sampaio Correa do Maranh\u00e3o.<\/p>\n\n\n\n<p>Sem tempo a perder, o elenco do Botafogo fez um treino regenerativo na sexta-feira e neste s\u00e1bado (11) foi a campo para um trabalho com bola. O t\u00e9cnico Evaristo Piza aproveitou a tarde para comandar um treino de finaliza\u00e7\u00e3o.<\/p>\n\n\n\n<p>Para o volante Rog\u00e9rio, a prepara\u00e7\u00e3o para o confronto \u00e9 primordial, pela dificuldade t\u00e1tica que o Santa Cruz traz para os advers\u00e1rios.<\/p>\n\n\n\n<p>\u201cA gente sabe que eles tiveram algumas contrata\u00e7\u00f5es, s\u00e3o jogadores novos que podem jogar. Sabemos que quando eles jogam contra a gente eles dificultam muito o jogo, mas estamos nos preparando para dar o nosso m\u00e1ximo em campo e poder obter mais essa vit\u00f3ria no Almeid\u00e3o\u201d, disse.<\/p>\n\n\n\n<p>Os ingressos para o confronto entre Belo e Santa est\u00e3o sendo vendidos nas lojas Belomania em Tamba\u00fa e no Mangabeira Shopping, e tamb\u00e9m na Maravilha do Contorno.<\/p>\n","protected":false},"excerpt":{"rendered":"<p>Ap\u00f3s conquistar vaga in\u00e9dita para a final da Copa do Nordeste, Belo muda o chipe e se prepara para o terceiro jogo do Campeonato Brasileiro&hellip; <\/p>\n","protected":false},"author":1,"featured_media":94699,"comment_status":"closed","ping_status":"closed","sticky":false,"template":"","format":"standard","meta":{"sfsi_plus_gutenberg_text_before_share":"","sfsi_plus_gutenberg_show_text_before_share":"","sfsi_plus_gutenberg_icon_type":"","sfsi_plus_gutenberg_icon_alignemt":"","sfsi_plus_gutenburg_max_per_row":"","footnotes":""},"categories":[13],"tags":[],"class_list":["post-94698","post","type-post","status-publish","format-standard","has-post-thumbnail","hentry","category-esportes"],"_links":{"self":[{"href":"https:\/\/www.caririemacao.com\/1\/wp-json\/wp\/v2\/posts\/94698","targetHints":{"allow":["GET"]}}],"collection":[{"href":"https:\/\/www.caririemacao.com\/1\/wp-json\/wp\/v2\/posts"}],"about":[{"href":"https:\/\/www.caririemacao.com\/1\/wp-json\/wp\/v2\/types\/post"}],"author":[{"embeddable":true,"href":"https:\/\/www.caririemacao.com\/1\/wp-json\/wp\/v2\/users\/1"}],"replies":[{"embeddable":true,"href":"https:\/\/www.caririemacao.com\/1\/wp-json\/wp\/v2\/comments?post=94698"}],"version-history":[{"count":1,"href":"https:\/\/www.caririemacao.com\/1\/wp-json\/wp\/v2\/posts\/94698\/revisions"}],"predecessor-version":[{"id":94700,"href":"https:\/\/www.caririemacao.com\/1\/wp-json\/wp\/v2\/posts\/94698\/revisions\/94700"}],"wp:featuredmedia":[{"embeddable":true,"href":"https:\/\/www.caririemacao.com\/1\/wp-json\/wp\/v2\/media\/94699"}],"wp:attachment":[{"href":"https:\/\/www.caririemacao.com\/1\/wp-json\/wp\/v2\/media?parent=94698"}],"wp:term":[{"taxonomy":"category","embeddable":true,"href":"https:\/\/www.caririemacao.com\/1\/wp-json\/wp\/v2\/categories?post=94698"},{"taxonomy":"post_tag","embeddable":true,"href":"https:\/\/www.caririemacao.com\/1\/wp-json\/wp\/v2\/tags?post=94698"}],"curies":[{"name":"wp","href":"https:\/\/api.w.org\/{rel}","templated":true}]}}