{"id":94703,"date":"2019-05-12T10:44:38","date_gmt":"2019-05-12T13:44:38","guid":{"rendered":"http:\/\/www.caririemacao.com\/1\/?p=94703"},"modified":"2019-05-12T10:44:38","modified_gmt":"2019-05-12T13:44:38","slug":"moradores-do-sertao-do-estado-encontram-vestigios-de-que-onca-parda-estaria-atacando-caprinos-da-regiao","status":"publish","type":"post","link":"https:\/\/www.caririemacao.com\/1\/2019\/05\/12\/moradores-do-sertao-do-estado-encontram-vestigios-de-que-onca-parda-estaria-atacando-caprinos-da-regiao\/","title":{"rendered":"Moradores do Sert\u00e3o do Estado encontram vest\u00edgios de que on\u00e7a parda estaria atacando caprinos da regi\u00e3o"},"content":{"rendered":"\n<p>Uma on\u00e7a-parda estaria atacando bodes na regi\u00e3o de M\u00e3e D&#8217;\u00e1gua, nas proximidades de Patos, no Sert\u00e3o do Estado. De acordo com relatos de moradores, foram encontrados vest\u00edgios de que o felino de grande porte esteve nas proximidades de onde alguns caprinos desapareceram.<\/p>\n\n\n\n<p>Um morador do S\u00edtio Alecrim, em M\u00e3e D&#8217;\u00e1gua, conseguiu registrar fotografias das pegadas da on\u00e7a e enviar para o site Folha Patoense. Segundo relatos de moradores da propriedade, alguns caprinos chegaram a sumir no ano passado, mas n\u00e3o sabem ainda se h\u00e1 rela\u00e7\u00e3o com a on\u00e7a, que s\u00f3 come\u00e7ou a ser avistada este ano.<\/p>\n\n\n\n<p>Uma agricultora, residente no s\u00edtio S\u00e3o Jos\u00e9, relatou ter visto a on\u00e7a arrastando uma de suas cabras. Tamb\u00e9m no S\u00edtio Olha D\u00b4\u00e1gua Velho tem sido notada a falta de alguns animais, que poderiam ter sido pegos pela on\u00e7a.<\/p>\n\n\n\n<p>A on\u00e7a parda, tamb\u00e9m conhecida como su\u00e7uarana, \u00e9 um animal solit\u00e1rio e tem h\u00e1bitos noturnos. Ela \u00e9 capaz de sobreviver at\u00e9 mesmo em \u00e1reas extremamente afetadas pelo homem, como pastagens e cultivos agr\u00edcolas.<\/p>\n\n\n\n<figure class=\"wp-block-image\"><img decoding=\"async\" data-src=\"https:\/\/www.clickpb.com.br\/media\/filer_public\/b1\/42\/b1420bd2-7180-4229-a348-8c092bb7d5e4\/pegada_onca_1.jpg\" alt=\"\" src=\"data:image\/svg+xml;base64,PHN2ZyB3aWR0aD0iMSIgaGVpZ2h0PSIxIiB4bWxucz0iaHR0cDovL3d3dy53My5vcmcvMjAwMC9zdmciPjwvc3ZnPg==\" class=\"lazyload\" \/><\/figure>\n","protected":false},"excerpt":{"rendered":"<p>Uma on\u00e7a-parda estaria atacando bodes na regi\u00e3o de M\u00e3e D&#8217;\u00e1gua, nas proximidades de Patos, no Sert\u00e3o do Estado. De acordo com relatos de moradores, foram&hellip; <\/p>\n","protected":false},"author":1,"featured_media":94704,"comment_status":"closed","ping_status":"closed","sticky":false,"template":"","format":"standard","meta":{"sfsi_plus_gutenberg_text_before_share":"","sfsi_plus_gutenberg_show_text_before_share":"","sfsi_plus_gutenberg_icon_type":"","sfsi_plus_gutenberg_icon_alignemt":"","sfsi_plus_gutenburg_max_per_row":"","footnotes":""},"categories":[50,2],"tags":[],"class_list":["post-94703","post","type-post","status-publish","format-standard","has-post-thumbnail","hentry","category-destaque","category-geral"],"_links":{"self":[{"href":"https:\/\/www.caririemacao.com\/1\/wp-json\/wp\/v2\/posts\/94703","targetHints":{"allow":["GET"]}}],"collection":[{"href":"https:\/\/www.caririemacao.com\/1\/wp-json\/wp\/v2\/posts"}],"about":[{"href":"https:\/\/www.caririemacao.com\/1\/wp-json\/wp\/v2\/types\/post"}],"author":[{"embeddable":true,"href":"https:\/\/www.caririemacao.com\/1\/wp-json\/wp\/v2\/users\/1"}],"replies":[{"embeddable":true,"href":"https:\/\/www.caririemacao.com\/1\/wp-json\/wp\/v2\/comments?post=94703"}],"version-history":[{"count":1,"href":"https:\/\/www.caririemacao.com\/1\/wp-json\/wp\/v2\/posts\/94703\/revisions"}],"predecessor-version":[{"id":94705,"href":"https:\/\/www.caririemacao.com\/1\/wp-json\/wp\/v2\/posts\/94703\/revisions\/94705"}],"wp:featuredmedia":[{"embeddable":true,"href":"https:\/\/www.caririemacao.com\/1\/wp-json\/wp\/v2\/media\/94704"}],"wp:attachment":[{"href":"https:\/\/www.caririemacao.com\/1\/wp-json\/wp\/v2\/media?parent=94703"}],"wp:term":[{"taxonomy":"category","embeddable":true,"href":"https:\/\/www.caririemacao.com\/1\/wp-json\/wp\/v2\/categories?post=94703"},{"taxonomy":"post_tag","embeddable":true,"href":"https:\/\/www.caririemacao.com\/1\/wp-json\/wp\/v2\/tags?post=94703"}],"curies":[{"name":"wp","href":"https:\/\/api.w.org\/{rel}","templated":true}]}}