{"id":94714,"date":"2019-05-12T10:48:41","date_gmt":"2019-05-12T13:48:41","guid":{"rendered":"http:\/\/www.caririemacao.com\/1\/?p=94714"},"modified":"2019-05-12T10:48:41","modified_gmt":"2019-05-12T13:48:41","slug":"justica-federal-leiloa-itens-relativos-a-processos-que-tramitam-em-varas-incluindo-monteiro","status":"publish","type":"post","link":"https:\/\/www.caririemacao.com\/1\/2019\/05\/12\/justica-federal-leiloa-itens-relativos-a-processos-que-tramitam-em-varas-incluindo-monteiro\/","title":{"rendered":"Justi\u00e7a Federal leiloa itens relativos a processos que tramitam em Varas, incluindo Monteiro"},"content":{"rendered":"\n<p>Diversos bens ser\u00e3o leiloados pela Justi\u00e7a Federal na Para\u00edba (JFPB) na pr\u00f3xima quinta-feira (16). O evento, que ser\u00e1 realizado presencialmente no audit\u00f3rio do edif\u00edcio-sede do \u00f3rg\u00e3o, em Jo\u00e3o Pessoa, est\u00e1 agendado para \u00e0s 9h. Os itens listados no edital s\u00e3o relativos a processos que tramitam nas seguintes Varas: 5\u00aa (Jo\u00e3o Pessoa), 8\u00aa (Sousa), 11\u00aa (Monteiro), 12\u00aa (Guarabira) e 14\u00aa (Patos). Os interessados tamb\u00e9m poder\u00e3o participar por meio das modalidades telepresencial (videoconfer\u00eancia nas Subse\u00e7\u00f5es Judici\u00e1rias de Guarabira, Monteiro, Patos e Sousa) e virtual, diretamente nos sites dos leiloeiros cadastrados.<\/p>\n\n\n\n<p>Na lista de bens constam: o pr\u00e9dio onde funciona atualmente o Hospital de Traumatologia e Ortopedia da Para\u00edba (antigo Prontocor), o pr\u00e9dio do antigo Hotel Ouro Branco (atual Aram Beach e Convention), o pr\u00e9dio do Instituto de Psiquiatria da Para\u00edba, o pr\u00e9dio do Instituto de Pneumologia da Para\u00edba, o pr\u00e9dio onde funciona a R\u00e1dio Santa Rita, propriedades da Companhia Usina S\u00e3o Jo\u00e3o, al\u00e9m de posto de combust\u00edveis, apartamentos, casas, lotes, \u00f4nibus, caminh\u00e3o, autom\u00f3veis, motocicletas, m\u00e1quinas industriais, entre outros.<\/p>\n\n\n\n<p>A maioria dos itens poder\u00e1 ser arrematada, salvo os casos previstos no edital, por um pre\u00e7o m\u00ednimo de 50% do valor da avalia\u00e7\u00e3o, conforme determina o Novo C\u00f3digo de Processo Civil. Qualquer cidad\u00e3o, acima de 18 anos, poder\u00e1 se apresentar na sede da Justi\u00e7a Federal e oferecer os lances. J\u00e1 o interessado em participar do leil\u00e3o via internet dever\u00e1 se cadastrar, previamente, com anteced\u00eancia m\u00ednima de 72 horas da data do evento e de modo absolutamente gratuito, ficando o interessado respons\u00e1vel civil e criminalmente pelas informa\u00e7\u00f5es lan\u00e7adas no preenchimento do cadastro, oportunidade que preencher\u00e1 os dados pessoais e aceitar\u00e1 as condi\u00e7\u00f5es de participa\u00e7\u00e3o previstas no Edital e no Termo de Compromisso, constantes no site http:\/\/web.jfpb.jus.br\/leilaoJFPB.<\/p>\n\n\n\n<p>Dentro do projeto \u201cLeil\u00e3o Eficaz\u201d da JFPB, o evento se repetir\u00e1, em 2\u00aa data, no dia 28 de maio tamb\u00e9m em Jo\u00e3o Pessoa, com transmiss\u00f5es nas modalidades telepresencial e virtual.<\/p>\n","protected":false},"excerpt":{"rendered":"<p>Diversos bens ser\u00e3o leiloados pela Justi\u00e7a Federal na Para\u00edba (JFPB) na pr\u00f3xima quinta-feira (16). O evento, que ser\u00e1 realizado presencialmente no audit\u00f3rio do edif\u00edcio-sede do&hellip; <\/p>\n","protected":false},"author":1,"featured_media":53434,"comment_status":"closed","ping_status":"closed","sticky":false,"template":"","format":"standard","meta":{"sfsi_plus_gutenberg_text_before_share":"","sfsi_plus_gutenberg_show_text_before_share":"","sfsi_plus_gutenberg_icon_type":"","sfsi_plus_gutenberg_icon_alignemt":"","sfsi_plus_gutenburg_max_per_row":"","footnotes":""},"categories":[6,50],"tags":[],"class_list":["post-94714","post","type-post","status-publish","format-standard","has-post-thumbnail","hentry","category-cidades","category-destaque"],"_links":{"self":[{"href":"https:\/\/www.caririemacao.com\/1\/wp-json\/wp\/v2\/posts\/94714","targetHints":{"allow":["GET"]}}],"collection":[{"href":"https:\/\/www.caririemacao.com\/1\/wp-json\/wp\/v2\/posts"}],"about":[{"href":"https:\/\/www.caririemacao.com\/1\/wp-json\/wp\/v2\/types\/post"}],"author":[{"embeddable":true,"href":"https:\/\/www.caririemacao.com\/1\/wp-json\/wp\/v2\/users\/1"}],"replies":[{"embeddable":true,"href":"https:\/\/www.caririemacao.com\/1\/wp-json\/wp\/v2\/comments?post=94714"}],"version-history":[{"count":1,"href":"https:\/\/www.caririemacao.com\/1\/wp-json\/wp\/v2\/posts\/94714\/revisions"}],"predecessor-version":[{"id":94715,"href":"https:\/\/www.caririemacao.com\/1\/wp-json\/wp\/v2\/posts\/94714\/revisions\/94715"}],"wp:featuredmedia":[{"embeddable":true,"href":"https:\/\/www.caririemacao.com\/1\/wp-json\/wp\/v2\/media\/53434"}],"wp:attachment":[{"href":"https:\/\/www.caririemacao.com\/1\/wp-json\/wp\/v2\/media?parent=94714"}],"wp:term":[{"taxonomy":"category","embeddable":true,"href":"https:\/\/www.caririemacao.com\/1\/wp-json\/wp\/v2\/categories?post=94714"},{"taxonomy":"post_tag","embeddable":true,"href":"https:\/\/www.caririemacao.com\/1\/wp-json\/wp\/v2\/tags?post=94714"}],"curies":[{"name":"wp","href":"https:\/\/api.w.org\/{rel}","templated":true}]}}