{"id":94717,"date":"2019-05-12T10:53:35","date_gmt":"2019-05-12T13:53:35","guid":{"rendered":"http:\/\/www.caririemacao.com\/1\/?p=94717"},"modified":"2019-05-12T10:53:35","modified_gmt":"2019-05-12T13:53:35","slug":"prefeitura-de-sao-sebastiao-do-umbuzeiro-realiza-festa-em-comemoracao-ao-dia-das-maes","status":"publish","type":"post","link":"https:\/\/www.caririemacao.com\/1\/2019\/05\/12\/prefeitura-de-sao-sebastiao-do-umbuzeiro-realiza-festa-em-comemoracao-ao-dia-das-maes\/","title":{"rendered":"Prefeitura de S\u00e3o Sebasti\u00e3o do Umbuzeiro realiza festa em comemora\u00e7\u00e3o ao Dia das M\u00e3es"},"content":{"rendered":"\n<p>A Prefeitura de S\u00e3o Sebasti\u00e3o do Umbuzeiro, atrav\u00e9s da <em>Secretaria<\/em>\u00a0Municipal de Assist\u00eancia Social e\u00a0<em>Desenvolvimento Humano<\/em>, realizou neste s\u00e1bado (11), uma grande festa em homenagem ao Dia das M\u00e3es, que foi realizado na Pra\u00e7a de Eventos Abelardo Costa Leit\u00e3o.<\/p>\n\n\n\n<p>O evento contou com a participa\u00e7\u00e3o de varias pessoas, &nbsp;como o prefeito Adriano Wolff e a primeira dama do munic\u00edpio Melina, Secret\u00e1rios municipais, vereadores, v\u00e1rias outras autoridades tamb\u00e9m marcaram presen\u00e7a, destacamos entre elas o Padre Marcos Silva Souza e o Pastor Jo\u00e3o Alves.<\/p>\n\n\n\n<p>O prefeito Adriano Wolff, disse que a inten\u00e7\u00e3o \u00e9 promover um encontro para saudar as M\u00e3es, que s\u00e3o os pilares da sociedade e que merecem todo o carinho e respeito.<\/p>\n\n\n\n<p>\u201cGostaria de parabenizar as M\u00e3es, que est\u00e3o aqui presentes, e nada mais justo que oferecer esta homenagem, proporcionando um pouco mais de alegria, de pessoas especiais t\u00e3o especiais que s\u00e3o as M\u00e3es, que s\u00e3o os pilares da sociedade, parabenizo todas voc\u00eas\u201d, disse o gestor municipal.<\/p>\n\n\n\n<p>As M\u00e3es presentes na festa receberam cada uma um brinde, e tamb\u00e9m participaram do sorteio de v\u00e1rios brindes. Durante o evento foi servido um lanche, houve apresenta\u00e7\u00f5es culturais com as crian\u00e7as do Servi\u00e7o de Conviv\u00eancia e Fortalecimento de V\u00ednculos \u2013 SCFV e show com Claudenir Fernandes<\/p>\n","protected":false},"excerpt":{"rendered":"<p>A Prefeitura de S\u00e3o Sebasti\u00e3o do Umbuzeiro, atrav\u00e9s da Secretaria\u00a0Municipal de Assist\u00eancia Social e\u00a0Desenvolvimento Humano, realizou neste s\u00e1bado (11), uma grande festa em homenagem ao&hellip; <\/p>\n","protected":false},"author":1,"featured_media":94718,"comment_status":"closed","ping_status":"closed","sticky":false,"template":"","format":"standard","meta":{"sfsi_plus_gutenberg_text_before_share":"","sfsi_plus_gutenberg_show_text_before_share":"","sfsi_plus_gutenberg_icon_type":"","sfsi_plus_gutenberg_icon_alignemt":"","sfsi_plus_gutenburg_max_per_row":"","footnotes":""},"categories":[6,50],"tags":[],"class_list":["post-94717","post","type-post","status-publish","format-standard","has-post-thumbnail","hentry","category-cidades","category-destaque"],"_links":{"self":[{"href":"https:\/\/www.caririemacao.com\/1\/wp-json\/wp\/v2\/posts\/94717","targetHints":{"allow":["GET"]}}],"collection":[{"href":"https:\/\/www.caririemacao.com\/1\/wp-json\/wp\/v2\/posts"}],"about":[{"href":"https:\/\/www.caririemacao.com\/1\/wp-json\/wp\/v2\/types\/post"}],"author":[{"embeddable":true,"href":"https:\/\/www.caririemacao.com\/1\/wp-json\/wp\/v2\/users\/1"}],"replies":[{"embeddable":true,"href":"https:\/\/www.caririemacao.com\/1\/wp-json\/wp\/v2\/comments?post=94717"}],"version-history":[{"count":1,"href":"https:\/\/www.caririemacao.com\/1\/wp-json\/wp\/v2\/posts\/94717\/revisions"}],"predecessor-version":[{"id":94719,"href":"https:\/\/www.caririemacao.com\/1\/wp-json\/wp\/v2\/posts\/94717\/revisions\/94719"}],"wp:featuredmedia":[{"embeddable":true,"href":"https:\/\/www.caririemacao.com\/1\/wp-json\/wp\/v2\/media\/94718"}],"wp:attachment":[{"href":"https:\/\/www.caririemacao.com\/1\/wp-json\/wp\/v2\/media?parent=94717"}],"wp:term":[{"taxonomy":"category","embeddable":true,"href":"https:\/\/www.caririemacao.com\/1\/wp-json\/wp\/v2\/categories?post=94717"},{"taxonomy":"post_tag","embeddable":true,"href":"https:\/\/www.caririemacao.com\/1\/wp-json\/wp\/v2\/tags?post=94717"}],"curies":[{"name":"wp","href":"https:\/\/api.w.org\/{rel}","templated":true}]}}