{"id":94722,"date":"2019-05-12T17:19:49","date_gmt":"2019-05-12T20:19:49","guid":{"rendered":"http:\/\/www.caririemacao.com\/1\/?p=94722"},"modified":"2019-05-12T17:19:49","modified_gmt":"2019-05-12T20:19:49","slug":"prefeitura-de-camalau-entrega-03-tratores-aos-camalauenses","status":"publish","type":"post","link":"https:\/\/www.caririemacao.com\/1\/2019\/05\/12\/prefeitura-de-camalau-entrega-03-tratores-aos-camalauenses\/","title":{"rendered":"Prefeitura de Camala\u00fa entrega 03 tratores aos camalauenses"},"content":{"rendered":"\n<p>Objetivando melhorar os servi\u00e7os e renovar a frota do munic\u00edpio\nde Camala\u00fa, o prefeito Sandro Moco entregou na noite deste s\u00e1bado, dia 11 de maio,\nmais 03 ve\u00edculos.<\/p>\n\n\n\n<p>Desta vez, foram 03 tratores que v\u00e3o ajudar nos servi\u00e7os ao\nagricultor camalauense. \u201cOs dois tratores ir\u00e3o muito auxiliar nos trabalhos\nvoltados principalmente para os agricultores do munic\u00edpio de Camala\u00fa\u201d, destacou\no prefeito Sandro.<\/p>\n\n\n\n<p>Sandro enfatizou a parceria com o deputado federal Pedro Cunha Lima, onde disponibilizou recursos para aquisi\u00e7\u00e3o de dois tratores, bem como, a parceria do governador Jo\u00e3o Azevedo com o munic\u00edpio, resultando em mais um trator.<\/p>\n\n\n\n<figure class=\"wp-block-image\"><img fetchpriority=\"high\" decoding=\"async\" width=\"1024\" height=\"678\" src=\"http:\/\/www.caririemacao.com\/1\/wp-content\/uploads\/2019\/05\/album-1-162-1024x678.jpg\" alt=\"\" class=\"wp-image-94733\" srcset=\"https:\/\/www.caririemacao.com\/1\/wp-content\/uploads\/2019\/05\/album-1-162-1024x678.jpg 1024w, https:\/\/www.caririemacao.com\/1\/wp-content\/uploads\/2019\/05\/album-1-162-300x199.jpg 300w, https:\/\/www.caririemacao.com\/1\/wp-content\/uploads\/2019\/05\/album-1-162-768x509.jpg 768w\" sizes=\"(max-width: 1024px) 100vw, 1024px\" \/><\/figure>\n\n\n\n<p>O prefeito ainda informou que com estes 03 tratores j\u00e1 somam 13 ve\u00edculos e que em breve chegar\u00e1 mais um \u00f4nibus escolar.<\/p>\n\n\n\n<figure class=\"wp-block-image\"><img decoding=\"async\" width=\"1024\" height=\"678\" data-src=\"http:\/\/www.caririemacao.com\/1\/wp-content\/uploads\/2019\/05\/album-1-27-1024x678.jpg\" alt=\"\" class=\"wp-image-94734 lazyload\" data-srcset=\"https:\/\/www.caririemacao.com\/1\/wp-content\/uploads\/2019\/05\/album-1-27-1024x678.jpg 1024w, https:\/\/www.caririemacao.com\/1\/wp-content\/uploads\/2019\/05\/album-1-27-300x199.jpg 300w, https:\/\/www.caririemacao.com\/1\/wp-content\/uploads\/2019\/05\/album-1-27-768x509.jpg 768w\" data-sizes=\"(max-width: 1024px) 100vw, 1024px\" src=\"data:image\/svg+xml;base64,PHN2ZyB3aWR0aD0iMSIgaGVpZ2h0PSIxIiB4bWxucz0iaHR0cDovL3d3dy53My5vcmcvMjAwMC9zdmciPjwvc3ZnPg==\" style=\"--smush-placeholder-width: 1024px; --smush-placeholder-aspect-ratio: 1024\/678;\" \/><\/figure>\n\n\n\n<p>Para o vice-prefeito Kiel, essa a\u00e7\u00e3o de renova\u00e7\u00e3o se fez\nnecess\u00e1ria, pois ao assumir a prefeitura de Camala\u00fa, Sandro encontrou um frota\npraticamente toda sucateada. \u201cEstamos trabalhando com muita seriedade e\ncompromisso com aqueles que mais precisam, buscando construir uma nova hist\u00f3ria\npara nosso povo\u201d, comentou.<\/p>\n","protected":false},"excerpt":{"rendered":"<p>Objetivando melhorar os servi\u00e7os e renovar a frota do munic\u00edpio de Camala\u00fa, o prefeito Sandro Moco entregou na noite deste s\u00e1bado, dia 11 de maio,&hellip; <\/p>\n","protected":false},"author":2,"featured_media":94732,"comment_status":"closed","ping_status":"closed","sticky":false,"template":"","format":"standard","meta":{"sfsi_plus_gutenberg_text_before_share":"","sfsi_plus_gutenberg_show_text_before_share":"","sfsi_plus_gutenberg_icon_type":"","sfsi_plus_gutenberg_icon_alignemt":"","sfsi_plus_gutenburg_max_per_row":"","footnotes":""},"categories":[50,2],"tags":[],"class_list":["post-94722","post","type-post","status-publish","format-standard","has-post-thumbnail","hentry","category-destaque","category-geral"],"_links":{"self":[{"href":"https:\/\/www.caririemacao.com\/1\/wp-json\/wp\/v2\/posts\/94722","targetHints":{"allow":["GET"]}}],"collection":[{"href":"https:\/\/www.caririemacao.com\/1\/wp-json\/wp\/v2\/posts"}],"about":[{"href":"https:\/\/www.caririemacao.com\/1\/wp-json\/wp\/v2\/types\/post"}],"author":[{"embeddable":true,"href":"https:\/\/www.caririemacao.com\/1\/wp-json\/wp\/v2\/users\/2"}],"replies":[{"embeddable":true,"href":"https:\/\/www.caririemacao.com\/1\/wp-json\/wp\/v2\/comments?post=94722"}],"version-history":[{"count":3,"href":"https:\/\/www.caririemacao.com\/1\/wp-json\/wp\/v2\/posts\/94722\/revisions"}],"predecessor-version":[{"id":94735,"href":"https:\/\/www.caririemacao.com\/1\/wp-json\/wp\/v2\/posts\/94722\/revisions\/94735"}],"wp:featuredmedia":[{"embeddable":true,"href":"https:\/\/www.caririemacao.com\/1\/wp-json\/wp\/v2\/media\/94732"}],"wp:attachment":[{"href":"https:\/\/www.caririemacao.com\/1\/wp-json\/wp\/v2\/media?parent=94722"}],"wp:term":[{"taxonomy":"category","embeddable":true,"href":"https:\/\/www.caririemacao.com\/1\/wp-json\/wp\/v2\/categories?post=94722"},{"taxonomy":"post_tag","embeddable":true,"href":"https:\/\/www.caririemacao.com\/1\/wp-json\/wp\/v2\/tags?post=94722"}],"curies":[{"name":"wp","href":"https:\/\/api.w.org\/{rel}","templated":true}]}}