{"id":94724,"date":"2019-05-12T17:40:48","date_gmt":"2019-05-12T20:40:48","guid":{"rendered":"http:\/\/www.caririemacao.com\/1\/?p=94724"},"modified":"2019-05-12T17:40:48","modified_gmt":"2019-05-12T20:40:48","slug":"prefeitura-promove-festa-para-homenagear-as-maes-de-camalau","status":"publish","type":"post","link":"https:\/\/www.caririemacao.com\/1\/2019\/05\/12\/prefeitura-promove-festa-para-homenagear-as-maes-de-camalau\/","title":{"rendered":"Prefeitura promove festa para homenagear as m\u00e3es de Camala\u00fa"},"content":{"rendered":"\n<p>As m\u00e3es que compareceram \u00e0 Pra\u00e7a de Eventos, na noite deste s\u00e1bado, dia 11 de maio, puderam participar de uma linda festa organizada pela prefeitura de Camala\u00fa.<\/p>\n\n\n\n<figure class=\"wp-block-image\"><img fetchpriority=\"high\" decoding=\"async\" width=\"1024\" height=\"683\" src=\"http:\/\/www.caririemacao.com\/1\/wp-content\/uploads\/2019\/05\/album2-176-1024x683.jpg\" alt=\"\" class=\"wp-image-94742\" srcset=\"https:\/\/www.caririemacao.com\/1\/wp-content\/uploads\/2019\/05\/album2-176-1024x683.jpg 1024w, https:\/\/www.caririemacao.com\/1\/wp-content\/uploads\/2019\/05\/album2-176-300x200.jpg 300w, https:\/\/www.caririemacao.com\/1\/wp-content\/uploads\/2019\/05\/album2-176-768x512.jpg 768w\" sizes=\"(max-width: 1024px) 100vw, 1024px\" \/><\/figure>\n\n\n\n<p>Como forma de homenagear e presentear as m\u00e3es camalauenses, houve sorteio de pr\u00eamios, entrega de brindes, brincadeiras e muitas homenagens as m\u00e3es que lotaram a pra\u00e7a de eventos.<\/p>\n\n\n\n<figure class=\"wp-block-image\"><img decoding=\"async\" width=\"1024\" height=\"678\" data-src=\"http:\/\/www.caririemacao.com\/1\/wp-content\/uploads\/2019\/05\/album-1-26-1024x678.jpg\" alt=\"\" class=\"wp-image-94737 lazyload\" data-srcset=\"https:\/\/www.caririemacao.com\/1\/wp-content\/uploads\/2019\/05\/album-1-26-1024x678.jpg 1024w, https:\/\/www.caririemacao.com\/1\/wp-content\/uploads\/2019\/05\/album-1-26-300x199.jpg 300w, https:\/\/www.caririemacao.com\/1\/wp-content\/uploads\/2019\/05\/album-1-26-768x509.jpg 768w\" data-sizes=\"(max-width: 1024px) 100vw, 1024px\" src=\"data:image\/svg+xml;base64,PHN2ZyB3aWR0aD0iMSIgaGVpZ2h0PSIxIiB4bWxucz0iaHR0cDovL3d3dy53My5vcmcvMjAwMC9zdmciPjwvc3ZnPg==\" style=\"--smush-placeholder-width: 1024px; --smush-placeholder-aspect-ratio: 1024\/678;\" \/><\/figure>\n\n\n\n<p>Segundo o prefeito, o evento foi um momento emocionante e dedicado as m\u00e3es que s\u00e3o hero\u00ednas e base das fam\u00edlias. \u201cAgrade\u00e7o a cada uma m\u00e3e que veio aqui, onde pudemos fazer o m\u00ednimo que \u00e9 de agradecer pela import\u00e2ncia que cada uma tem no lar e na sociedade\u201d, falou o prefeito, agradecendo a presen\u00e7a de todos, lembrando tamb\u00e9m da import\u00e2ncia da data.<\/p>\n\n\n\n<figure class=\"wp-block-image\"><img decoding=\"async\" width=\"1024\" height=\"678\" data-src=\"http:\/\/www.caririemacao.com\/1\/wp-content\/uploads\/2019\/05\/album-1-62-1024x678.jpg\" alt=\"\" class=\"wp-image-94741 lazyload\" data-srcset=\"https:\/\/www.caririemacao.com\/1\/wp-content\/uploads\/2019\/05\/album-1-62-1024x678.jpg 1024w, https:\/\/www.caririemacao.com\/1\/wp-content\/uploads\/2019\/05\/album-1-62-300x199.jpg 300w, https:\/\/www.caririemacao.com\/1\/wp-content\/uploads\/2019\/05\/album-1-62-768x509.jpg 768w\" data-sizes=\"(max-width: 1024px) 100vw, 1024px\" src=\"data:image\/svg+xml;base64,PHN2ZyB3aWR0aD0iMSIgaGVpZ2h0PSIxIiB4bWxucz0iaHR0cDovL3d3dy53My5vcmcvMjAwMC9zdmciPjwvc3ZnPg==\" style=\"--smush-placeholder-width: 1024px; --smush-placeholder-aspect-ratio: 1024\/678;\" \/><\/figure>\n\n\n\n<figure class=\"wp-block-image\"><img decoding=\"async\" width=\"1024\" height=\"683\" data-src=\"http:\/\/www.caririemacao.com\/1\/wp-content\/uploads\/2019\/05\/album2-47-1024x683.jpg\" alt=\"\" class=\"wp-image-94738 lazyload\" data-srcset=\"https:\/\/www.caririemacao.com\/1\/wp-content\/uploads\/2019\/05\/album2-47-1024x683.jpg 1024w, https:\/\/www.caririemacao.com\/1\/wp-content\/uploads\/2019\/05\/album2-47-300x200.jpg 300w, https:\/\/www.caririemacao.com\/1\/wp-content\/uploads\/2019\/05\/album2-47-768x512.jpg 768w\" data-sizes=\"(max-width: 1024px) 100vw, 1024px\" src=\"data:image\/svg+xml;base64,PHN2ZyB3aWR0aD0iMSIgaGVpZ2h0PSIxIiB4bWxucz0iaHR0cDovL3d3dy53My5vcmcvMjAwMC9zdmciPjwvc3ZnPg==\" style=\"--smush-placeholder-width: 1024px; --smush-placeholder-aspect-ratio: 1024\/683;\" \/><\/figure>\n\n\n\n<p>Al\u00e9m do prefeito, tamb\u00e9m participaram da festa, o vice-prefeito Kiel, os secret\u00e1rios e os vereadores Netinho Matias, Ant\u00f4nio Bezerra, Bira Mariano e C\u00e9lio Moco.<\/p>\n\n\n\n<p><a href=\"https:\/\/www.facebook.com\/pg\/CaririEmAcao\/photos\/?tab=album&amp;album_id=1544212019048149\">CLIQUE AQUI E VEJA AS FOTOS DO EVENTO.<\/a><\/p>\n","protected":false},"excerpt":{"rendered":"<p>As m\u00e3es que compareceram \u00e0 Pra\u00e7a de Eventos, na noite deste s\u00e1bado, dia 11 de maio, puderam participar de uma linda festa organizada pela prefeitura&hellip; <\/p>\n","protected":false},"author":2,"featured_media":94736,"comment_status":"closed","ping_status":"closed","sticky":false,"template":"","format":"standard","meta":{"sfsi_plus_gutenberg_text_before_share":"","sfsi_plus_gutenberg_show_text_before_share":"","sfsi_plus_gutenberg_icon_type":"","sfsi_plus_gutenberg_icon_alignemt":"","sfsi_plus_gutenburg_max_per_row":"","footnotes":""},"categories":[6,50],"tags":[],"class_list":["post-94724","post","type-post","status-publish","format-standard","has-post-thumbnail","hentry","category-cidades","category-destaque"],"_links":{"self":[{"href":"https:\/\/www.caririemacao.com\/1\/wp-json\/wp\/v2\/posts\/94724","targetHints":{"allow":["GET"]}}],"collection":[{"href":"https:\/\/www.caririemacao.com\/1\/wp-json\/wp\/v2\/posts"}],"about":[{"href":"https:\/\/www.caririemacao.com\/1\/wp-json\/wp\/v2\/types\/post"}],"author":[{"embeddable":true,"href":"https:\/\/www.caririemacao.com\/1\/wp-json\/wp\/v2\/users\/2"}],"replies":[{"embeddable":true,"href":"https:\/\/www.caririemacao.com\/1\/wp-json\/wp\/v2\/comments?post=94724"}],"version-history":[{"count":2,"href":"https:\/\/www.caririemacao.com\/1\/wp-json\/wp\/v2\/posts\/94724\/revisions"}],"predecessor-version":[{"id":94743,"href":"https:\/\/www.caririemacao.com\/1\/wp-json\/wp\/v2\/posts\/94724\/revisions\/94743"}],"wp:featuredmedia":[{"embeddable":true,"href":"https:\/\/www.caririemacao.com\/1\/wp-json\/wp\/v2\/media\/94736"}],"wp:attachment":[{"href":"https:\/\/www.caririemacao.com\/1\/wp-json\/wp\/v2\/media?parent=94724"}],"wp:term":[{"taxonomy":"category","embeddable":true,"href":"https:\/\/www.caririemacao.com\/1\/wp-json\/wp\/v2\/categories?post=94724"},{"taxonomy":"post_tag","embeddable":true,"href":"https:\/\/www.caririemacao.com\/1\/wp-json\/wp\/v2\/tags?post=94724"}],"curies":[{"name":"wp","href":"https:\/\/api.w.org\/{rel}","templated":true}]}}