{"id":94726,"date":"2019-05-12T17:47:19","date_gmt":"2019-05-12T20:47:19","guid":{"rendered":"http:\/\/www.caririemacao.com\/1\/?p=94726"},"modified":"2019-05-12T17:47:19","modified_gmt":"2019-05-12T20:47:19","slug":"camalauenses-prestam-homenagem-a-dona-nininha-pelos-99-anos-de-idade","status":"publish","type":"post","link":"https:\/\/www.caririemacao.com\/1\/2019\/05\/12\/camalauenses-prestam-homenagem-a-dona-nininha-pelos-99-anos-de-idade\/","title":{"rendered":"Camalauenses prestam homenagem \u00e0 dona \u201cNininha\u201d pelos 99 anos de idade"},"content":{"rendered":"\n<p>Antes de iniciar oficialmente, as comemora\u00e7\u00f5es do dia das m\u00e3es, na pra\u00e7a de eventos, promovidas pela Prefeitura Municipal, foi realizada uma linda homenagem ao dona Alice Isabel da Silva, conhecida como dona Nininha, uma de senhora de 99 anos, nascida em 1920, que fez anivers\u00e1rio na \u00faltima quinta-feira, dia 09.<\/p>\n\n\n\n<figure class=\"wp-block-image\"><img fetchpriority=\"high\" decoding=\"async\" width=\"1024\" height=\"678\" src=\"http:\/\/www.caririemacao.com\/1\/wp-content\/uploads\/2019\/05\/album-1-49-1-1024x678.jpg\" alt=\"\" class=\"wp-image-94747\" srcset=\"https:\/\/www.caririemacao.com\/1\/wp-content\/uploads\/2019\/05\/album-1-49-1-1024x678.jpg 1024w, https:\/\/www.caririemacao.com\/1\/wp-content\/uploads\/2019\/05\/album-1-49-1-300x199.jpg 300w, https:\/\/www.caririemacao.com\/1\/wp-content\/uploads\/2019\/05\/album-1-49-1-768x509.jpg 768w\" sizes=\"(max-width: 1024px) 100vw, 1024px\" \/><\/figure>\n\n\n\n<p>O prefeito Sandro, ao lado do vice-prefeito Kiel, vereadores, secret\u00e1rios e v\u00e1rios camalauenses, sa\u00edram do local do evento e seguiram em dire\u00e7\u00e3o a casa da senhora Nininha. L\u00e1 encontraram dona Nininha na cal\u00e7ada que recebeu a homenagem. O momento foi marcado por mensagem, entrega de bolo e agradecimentos. <\/p>\n\n\n\n<figure class=\"wp-block-image\"><img decoding=\"async\" width=\"1024\" height=\"678\" data-src=\"http:\/\/www.caririemacao.com\/1\/wp-content\/uploads\/2019\/05\/album-1-35-1024x678.jpg\" alt=\"\" class=\"wp-image-94745 lazyload\" data-srcset=\"https:\/\/www.caririemacao.com\/1\/wp-content\/uploads\/2019\/05\/album-1-35-1024x678.jpg 1024w, https:\/\/www.caririemacao.com\/1\/wp-content\/uploads\/2019\/05\/album-1-35-300x199.jpg 300w, https:\/\/www.caririemacao.com\/1\/wp-content\/uploads\/2019\/05\/album-1-35-768x509.jpg 768w\" data-sizes=\"(max-width: 1024px) 100vw, 1024px\" src=\"data:image\/svg+xml;base64,PHN2ZyB3aWR0aD0iMSIgaGVpZ2h0PSIxIiB4bWxucz0iaHR0cDovL3d3dy53My5vcmcvMjAwMC9zdmciPjwvc3ZnPg==\" style=\"--smush-placeholder-width: 1024px; --smush-placeholder-aspect-ratio: 1024\/678;\" \/><\/figure>\n\n\n\n<p>A fam\u00edlia de dona Nininha agradeceu a linda homenagem e agradeceu ao prefeito pelo gesto de grandeza e humildade.<\/p>\n\n\n\n<p>Sandro destacou a trajet\u00f3ria de dona Nininha e sua hist\u00f3ria.\n\u201cDona Nininha foi criada no s\u00edtio floresta, viveu na \u00e9poca dos cangaceiros, era\ndom\u00e9stica na fazenda de Carrapateira do senhor Major Delfino e de Pedro Bezerra\nFilho, trabalhou fazendo corda de caru\u00e1, j\u00e1 foi pescadora, j\u00e1 foi dona de\nhotel, carregou tijolos para fazer a igreja de S\u00e3o Jos\u00e9, cozinhou para os\nalunos da escola Cehagro. Foi exemplo para nossa cidade\u201d, destacou.<\/p>\n","protected":false},"excerpt":{"rendered":"<p>Antes de iniciar oficialmente, as comemora\u00e7\u00f5es do dia das m\u00e3es, na pra\u00e7a de eventos, promovidas pela Prefeitura Municipal, foi realizada uma linda homenagem ao dona&hellip; <\/p>\n","protected":false},"author":2,"featured_media":94744,"comment_status":"closed","ping_status":"closed","sticky":false,"template":"","format":"standard","meta":{"sfsi_plus_gutenberg_text_before_share":"","sfsi_plus_gutenberg_show_text_before_share":"","sfsi_plus_gutenberg_icon_type":"","sfsi_plus_gutenberg_icon_alignemt":"","sfsi_plus_gutenburg_max_per_row":"","footnotes":""},"categories":[50,2],"tags":[],"class_list":["post-94726","post","type-post","status-publish","format-standard","has-post-thumbnail","hentry","category-destaque","category-geral"],"_links":{"self":[{"href":"https:\/\/www.caririemacao.com\/1\/wp-json\/wp\/v2\/posts\/94726","targetHints":{"allow":["GET"]}}],"collection":[{"href":"https:\/\/www.caririemacao.com\/1\/wp-json\/wp\/v2\/posts"}],"about":[{"href":"https:\/\/www.caririemacao.com\/1\/wp-json\/wp\/v2\/types\/post"}],"author":[{"embeddable":true,"href":"https:\/\/www.caririemacao.com\/1\/wp-json\/wp\/v2\/users\/2"}],"replies":[{"embeddable":true,"href":"https:\/\/www.caririemacao.com\/1\/wp-json\/wp\/v2\/comments?post=94726"}],"version-history":[{"count":2,"href":"https:\/\/www.caririemacao.com\/1\/wp-json\/wp\/v2\/posts\/94726\/revisions"}],"predecessor-version":[{"id":94748,"href":"https:\/\/www.caririemacao.com\/1\/wp-json\/wp\/v2\/posts\/94726\/revisions\/94748"}],"wp:featuredmedia":[{"embeddable":true,"href":"https:\/\/www.caririemacao.com\/1\/wp-json\/wp\/v2\/media\/94744"}],"wp:attachment":[{"href":"https:\/\/www.caririemacao.com\/1\/wp-json\/wp\/v2\/media?parent=94726"}],"wp:term":[{"taxonomy":"category","embeddable":true,"href":"https:\/\/www.caririemacao.com\/1\/wp-json\/wp\/v2\/categories?post=94726"},{"taxonomy":"post_tag","embeddable":true,"href":"https:\/\/www.caririemacao.com\/1\/wp-json\/wp\/v2\/tags?post=94726"}],"curies":[{"name":"wp","href":"https:\/\/api.w.org\/{rel}","templated":true}]}}