{"id":94750,"date":"2019-05-12T22:24:14","date_gmt":"2019-05-13T01:24:14","guid":{"rendered":"http:\/\/www.caririemacao.com\/1\/?p=94750"},"modified":"2019-05-12T22:24:14","modified_gmt":"2019-05-13T01:24:14","slug":"bolsonaro-diz-que-vai-indicar-sergio-moro-para-o-supremo-tribunal-federal","status":"publish","type":"post","link":"https:\/\/www.caririemacao.com\/1\/2019\/05\/12\/bolsonaro-diz-que-vai-indicar-sergio-moro-para-o-supremo-tribunal-federal\/","title":{"rendered":"Bolsonaro diz que vai indicar Sergio Moro para o Supremo Tribunal Federal"},"content":{"rendered":"\n<p>O presidente\u00a0<strong>Jair Bolsonaro<\/strong>disse neste domingo que vai indicar o ministro da Justi\u00e7a,\u00a0<strong>Sergio Moro<\/strong>, para a primeira vaga no Supremo Tribunal Federal (<strong>STF<\/strong>),\u00a0<a href=\"https:\/\/oglobo.globo.com\/brasil\/analise-ao-antecipar-indicacao-de-moro-para-stf-bolsonaro-tenta-fortalecer-ministro-da-justica-23660353\">porque tem um compromisso com ele<\/a>. \u00c9 prov\u00e1vel que a primeira cadeira a ser preenchida na Corte pelo presidente seja a do atual decano, o ministro Celso de Mello. Ele vai aposentar em novembro do ano que vem, ao completar 75 anos.<\/p>\n\n\n\n<p>A substitui\u00e7\u00e3o do ministro se deve ap\u00f3s aprova\u00e7\u00e3o em 2015 da chamada PEC da Bengala, que ampliou de 70 para 75 anos a idade de aposentadoria compuls\u00f3ria no servi\u00e7o p\u00fablico.<\/p>\n\n\n\n<p>Fiz um compromisso com ele (Moro), porque ele abriu m\u00e3o de 22 anos de magistratura. Eu falei: a primeira vaga que tiver l\u00e1 est\u00e1 \u00e0 sua disposi\u00e7\u00e3o. Obviamente, ele teria de passar por uma sabatina no Senado. Eu sei que n\u00e3o lhe falta compet\u00eancia para ser aprovado l\u00e1. Mas uma sabatina t\u00e9cnico-pol\u00edtica. Eu vou honrar esse compromisso com ele. Caso ele queira ir para l\u00e1, ser\u00e1 um grande aliado, n\u00e3o do governo, mas dos interesses do nosso Brasil dentro do Supremo. A primeira vaga que tiver, eu tenho esse compromisso com Moro, e, se Deus quiser, cumpriremos esse compromisso. Acho que a na\u00e7\u00e3o toda do Brasil vai aplaudir um homem desse perfil no Supremo \u2014 disse o presidente em entrevista a Milton Neves na r\u00e1dio Bandeirantes.<\/p>\n\n\n\n<p>No m\u00eas passado, Moro comparou uma indica\u00e7\u00e3o ao STF a ganhar na loteria, durante entrevista ao jornal portugu\u00eas Expresso.<\/p>\n\n\n\n<p>Seria como ganhar na loteria. N\u00e3o \u00e9 simples. O meu objetivo \u00e9 apenas fazer o meu trabalho \u2014 disse na entrevista em Lisboa.<\/p>\n\n\n\n<p>Ao ser questionado sobre a declara\u00e7\u00e3o de Moro, Bolsonaro disse que &#8220;o Brasil inteiro vai aplaudir&#8221;. Sem especificar quando foi feito o compromisso, Bolsonaro citou que, para ser ministro, Moro abriu m\u00e3o da magistratura.<\/p>\n\n\n\n<p>\u2014 Eu fiz um compromisso com ele, ele abriu m\u00e3o de 22 anos de magistratura \u2014 disse.<\/p>\n\n\n\n<p>Bolsonaro tamb\u00e9m poder\u00e1 indicar outro integrante do tribunal, durante o mandato. O ministro Marco Aur\u00e9lio vai se aposentar no dia 12 de julho de 2021, tamb\u00e9m ap\u00f3s completar 75 anos.<\/p>\n","protected":false},"excerpt":{"rendered":"<p>O presidente\u00a0Jair Bolsonarodisse neste domingo que vai indicar o ministro da Justi\u00e7a,\u00a0Sergio Moro, para a primeira vaga no Supremo Tribunal Federal (STF),\u00a0porque tem um compromisso&hellip; <\/p>\n","protected":false},"author":1,"featured_media":94751,"comment_status":"closed","ping_status":"closed","sticky":false,"template":"","format":"standard","meta":{"sfsi_plus_gutenberg_text_before_share":"","sfsi_plus_gutenberg_show_text_before_share":"","sfsi_plus_gutenberg_icon_type":"","sfsi_plus_gutenberg_icon_alignemt":"","sfsi_plus_gutenburg_max_per_row":"","footnotes":""},"categories":[50,11],"tags":[],"class_list":["post-94750","post","type-post","status-publish","format-standard","has-post-thumbnail","hentry","category-destaque","category-politica"],"_links":{"self":[{"href":"https:\/\/www.caririemacao.com\/1\/wp-json\/wp\/v2\/posts\/94750","targetHints":{"allow":["GET"]}}],"collection":[{"href":"https:\/\/www.caririemacao.com\/1\/wp-json\/wp\/v2\/posts"}],"about":[{"href":"https:\/\/www.caririemacao.com\/1\/wp-json\/wp\/v2\/types\/post"}],"author":[{"embeddable":true,"href":"https:\/\/www.caririemacao.com\/1\/wp-json\/wp\/v2\/users\/1"}],"replies":[{"embeddable":true,"href":"https:\/\/www.caririemacao.com\/1\/wp-json\/wp\/v2\/comments?post=94750"}],"version-history":[{"count":1,"href":"https:\/\/www.caririemacao.com\/1\/wp-json\/wp\/v2\/posts\/94750\/revisions"}],"predecessor-version":[{"id":94752,"href":"https:\/\/www.caririemacao.com\/1\/wp-json\/wp\/v2\/posts\/94750\/revisions\/94752"}],"wp:featuredmedia":[{"embeddable":true,"href":"https:\/\/www.caririemacao.com\/1\/wp-json\/wp\/v2\/media\/94751"}],"wp:attachment":[{"href":"https:\/\/www.caririemacao.com\/1\/wp-json\/wp\/v2\/media?parent=94750"}],"wp:term":[{"taxonomy":"category","embeddable":true,"href":"https:\/\/www.caririemacao.com\/1\/wp-json\/wp\/v2\/categories?post=94750"},{"taxonomy":"post_tag","embeddable":true,"href":"https:\/\/www.caririemacao.com\/1\/wp-json\/wp\/v2\/tags?post=94750"}],"curies":[{"name":"wp","href":"https:\/\/api.w.org\/{rel}","templated":true}]}}