{"id":94763,"date":"2019-05-12T22:33:11","date_gmt":"2019-05-13T01:33:11","guid":{"rendered":"http:\/\/www.caririemacao.com\/1\/?p=94763"},"modified":"2019-05-12T22:33:11","modified_gmt":"2019-05-13T01:33:11","slug":"fatalidade-adolescente-de-13-anos-morre-engasgado-durante-o-sono-em-monteiro","status":"publish","type":"post","link":"https:\/\/www.caririemacao.com\/1\/2019\/05\/12\/fatalidade-adolescente-de-13-anos-morre-engasgado-durante-o-sono-em-monteiro\/","title":{"rendered":"Fatalidade: Adolescente de 13 anos morre engasgado durante o sono em Monteiro"},"content":{"rendered":"\n<p>Uma fatalidade registrada nas primeiras horas da manh\u00e3 deste domingo (12), dia das m\u00e3es, na cidade de Monteiro, no Cariri. O jovem Jos\u00e9 Gabriel, de apenas 13 anos de idade, veio a \u00f3bito ap\u00f3s se engasgar durante o sono.<\/p>\n\n\n\n<p>De acordo com a m\u00e3e C\u00edcera Maria, o filho era portador de necessidades especiais, por\u00e9m estava bem de sa\u00fade. Por volta das 03hs30min, Gabriel acordou engasgado, fato que j\u00e1 havia se repetido em outras ocasi\u00f5es, sendo que desta vez foi fatal.<\/p>\n\n\n\n<p>Um dia que deveria ser de muita alegria, come\u00e7ou com tristeza e dor, a m\u00e3e em seu dia de comemora\u00e7\u00e3o \u00e9 surpreendida com a morte do filho que de forma precoce se despediu de todos.<\/p>\n\n\n\n<p>Com Para\u00edba da gente<\/p>\n","protected":false},"excerpt":{"rendered":"<p>Uma fatalidade registrada nas primeiras horas da manh\u00e3 deste domingo (12), dia das m\u00e3es, na cidade de Monteiro, no Cariri. O jovem Jos\u00e9 Gabriel, de&hellip; <\/p>\n","protected":false},"author":1,"featured_media":39888,"comment_status":"closed","ping_status":"closed","sticky":false,"template":"","format":"standard","meta":{"sfsi_plus_gutenberg_text_before_share":"","sfsi_plus_gutenberg_show_text_before_share":"","sfsi_plus_gutenberg_icon_type":"","sfsi_plus_gutenberg_icon_alignemt":"","sfsi_plus_gutenburg_max_per_row":"","footnotes":""},"categories":[50,12],"tags":[],"class_list":["post-94763","post","type-post","status-publish","format-standard","has-post-thumbnail","hentry","category-destaque","category-policia"],"_links":{"self":[{"href":"https:\/\/www.caririemacao.com\/1\/wp-json\/wp\/v2\/posts\/94763","targetHints":{"allow":["GET"]}}],"collection":[{"href":"https:\/\/www.caririemacao.com\/1\/wp-json\/wp\/v2\/posts"}],"about":[{"href":"https:\/\/www.caririemacao.com\/1\/wp-json\/wp\/v2\/types\/post"}],"author":[{"embeddable":true,"href":"https:\/\/www.caririemacao.com\/1\/wp-json\/wp\/v2\/users\/1"}],"replies":[{"embeddable":true,"href":"https:\/\/www.caririemacao.com\/1\/wp-json\/wp\/v2\/comments?post=94763"}],"version-history":[{"count":1,"href":"https:\/\/www.caririemacao.com\/1\/wp-json\/wp\/v2\/posts\/94763\/revisions"}],"predecessor-version":[{"id":94764,"href":"https:\/\/www.caririemacao.com\/1\/wp-json\/wp\/v2\/posts\/94763\/revisions\/94764"}],"wp:featuredmedia":[{"embeddable":true,"href":"https:\/\/www.caririemacao.com\/1\/wp-json\/wp\/v2\/media\/39888"}],"wp:attachment":[{"href":"https:\/\/www.caririemacao.com\/1\/wp-json\/wp\/v2\/media?parent=94763"}],"wp:term":[{"taxonomy":"category","embeddable":true,"href":"https:\/\/www.caririemacao.com\/1\/wp-json\/wp\/v2\/categories?post=94763"},{"taxonomy":"post_tag","embeddable":true,"href":"https:\/\/www.caririemacao.com\/1\/wp-json\/wp\/v2\/tags?post=94763"}],"curies":[{"name":"wp","href":"https:\/\/api.w.org\/{rel}","templated":true}]}}