{"id":94765,"date":"2019-05-12T22:35:50","date_gmt":"2019-05-13T01:35:50","guid":{"rendered":"http:\/\/www.caririemacao.com\/1\/?p=94765"},"modified":"2019-05-12T22:35:50","modified_gmt":"2019-05-13T01:35:50","slug":"confaz-altera-preco-dos-combustiveis-a-partir-do-dia-16-e-na-pb-gasolina-aumenta","status":"publish","type":"post","link":"https:\/\/www.caririemacao.com\/1\/2019\/05\/12\/confaz-altera-preco-dos-combustiveis-a-partir-do-dia-16-e-na-pb-gasolina-aumenta\/","title":{"rendered":"Confaz altera pre\u00e7o dos combust\u00edveis a partir do dia 16 e na PB gasolina aumenta"},"content":{"rendered":"\n<p>O Conselho Nacional de Pol\u00edtica Fazend\u00e1ria (Confaz) vai alterar os pre\u00e7os dos combust\u00edveis nos estados e no Distrito Federal a partir do dia 16 de maio. Na Para\u00edba, o pre\u00e7o m\u00e9dio ponderado ao consumidor final (PMPF) ser\u00e1 de R$ 4,3363. Em abril, o valor fixado foi de R$ 4,1373.<\/p>\n\n\n\n<p>O valor do ICMS que incide sobre o pre\u00e7o final dos combust\u00edveis \u00e9 calculado atrav\u00e9s de uma substitui\u00e7\u00e3o tribut\u00e1ria, ou seja, o ICMS n\u00e3o \u00e9 cobrado sobre a base do pre\u00e7o de produ\u00e7\u00e3o dos combust\u00edveis e sim sobre o pre\u00e7o final de comercializa\u00e7\u00e3o a pessoa f\u00edsica. Isso proporciona aos estados uma arrecada\u00e7\u00e3o maior de tributos sobre os combust\u00edveis, bem como o acompanhamento da volatilidade das eventuais mudan\u00e7as comerciais que existam no mercado de competi\u00e7\u00e3o entre os postos revendedores.<\/p>\n\n\n\n<p>Quinzenalmente \u00e9 realizado o levantamento do PMPF e assim atualizado a base de c\u00e1lculo do ICMS sobre os combust\u00edveis. O Ato foi publicado no Di\u00e1rio Oficial da Uni\u00e3o desta sexta-feira (10).<\/p>\n","protected":false},"excerpt":{"rendered":"<p>O Conselho Nacional de Pol\u00edtica Fazend\u00e1ria (Confaz) vai alterar os pre\u00e7os dos combust\u00edveis nos estados e no Distrito Federal a partir do dia 16 de&hellip; <\/p>\n","protected":false},"author":1,"featured_media":51986,"comment_status":"closed","ping_status":"closed","sticky":false,"template":"","format":"standard","meta":{"sfsi_plus_gutenberg_text_before_share":"","sfsi_plus_gutenberg_show_text_before_share":"","sfsi_plus_gutenberg_icon_type":"","sfsi_plus_gutenberg_icon_alignemt":"","sfsi_plus_gutenburg_max_per_row":"","footnotes":""},"categories":[50,2],"tags":[],"class_list":["post-94765","post","type-post","status-publish","format-standard","has-post-thumbnail","hentry","category-destaque","category-geral"],"_links":{"self":[{"href":"https:\/\/www.caririemacao.com\/1\/wp-json\/wp\/v2\/posts\/94765","targetHints":{"allow":["GET"]}}],"collection":[{"href":"https:\/\/www.caririemacao.com\/1\/wp-json\/wp\/v2\/posts"}],"about":[{"href":"https:\/\/www.caririemacao.com\/1\/wp-json\/wp\/v2\/types\/post"}],"author":[{"embeddable":true,"href":"https:\/\/www.caririemacao.com\/1\/wp-json\/wp\/v2\/users\/1"}],"replies":[{"embeddable":true,"href":"https:\/\/www.caririemacao.com\/1\/wp-json\/wp\/v2\/comments?post=94765"}],"version-history":[{"count":1,"href":"https:\/\/www.caririemacao.com\/1\/wp-json\/wp\/v2\/posts\/94765\/revisions"}],"predecessor-version":[{"id":94766,"href":"https:\/\/www.caririemacao.com\/1\/wp-json\/wp\/v2\/posts\/94765\/revisions\/94766"}],"wp:featuredmedia":[{"embeddable":true,"href":"https:\/\/www.caririemacao.com\/1\/wp-json\/wp\/v2\/media\/51986"}],"wp:attachment":[{"href":"https:\/\/www.caririemacao.com\/1\/wp-json\/wp\/v2\/media?parent=94765"}],"wp:term":[{"taxonomy":"category","embeddable":true,"href":"https:\/\/www.caririemacao.com\/1\/wp-json\/wp\/v2\/categories?post=94765"},{"taxonomy":"post_tag","embeddable":true,"href":"https:\/\/www.caririemacao.com\/1\/wp-json\/wp\/v2\/tags?post=94765"}],"curies":[{"name":"wp","href":"https:\/\/api.w.org\/{rel}","templated":true}]}}