{"id":94772,"date":"2019-05-13T08:29:21","date_gmt":"2019-05-13T11:29:21","guid":{"rendered":"http:\/\/www.caririemacao.com\/1\/?p=94772"},"modified":"2019-05-13T08:29:21","modified_gmt":"2019-05-13T11:29:21","slug":"moro-levantou-suspeicao-sobre-condenacao-de-lula-ao-virar-ministro-diz-cristovam","status":"publish","type":"post","link":"https:\/\/www.caririemacao.com\/1\/2019\/05\/13\/moro-levantou-suspeicao-sobre-condenacao-de-lula-ao-virar-ministro-diz-cristovam\/","title":{"rendered":"Moro levantou suspei\u00e7\u00e3o sobre condena\u00e7\u00e3o de Lula ao virar ministro, diz Cristovam"},"content":{"rendered":"\n<p> O ex-senador Cristovam Buarque (PPS) disse neste domingo (12) que, ao ter aceitado virar ministro do governo Jair Bolsonaro (PSL), o ex-juiz S\u00e9rgio Moro colocou sob suspeita a condena\u00e7\u00e3o do ex-presidente Lula (PT). <\/p>\n\n\n\n<p>\n\n&#8220;Ao deixar seu trabalho de juiz para assumir o cargo de ministro, Moro levantou suspeita sobre sua isen\u00e7\u00e3o ao julgar o presidente Lula, ao confirmar um acordo pr\u00e9vio para faz\u00ea-lo ministro do supremo, o presidente Bolsonaro est\u00e1 ampliando a suspeita. Ao ir \u00e0 sabatina, o tema ser\u00e1 debatido&#8221;, escreveu Cristovam, referindo-se a sabatina para o cargo do ministro do STF, ao qual deve ser indicado por Bolsonaro.\n\n<\/p>\n","protected":false},"excerpt":{"rendered":"<p>O ex-senador Cristovam Buarque (PPS) disse neste domingo (12) que, ao ter aceitado virar ministro do governo Jair Bolsonaro (PSL), o ex-juiz S\u00e9rgio Moro colocou&hellip; <\/p>\n","protected":false},"author":2,"featured_media":94773,"comment_status":"closed","ping_status":"closed","sticky":false,"template":"","format":"standard","meta":{"sfsi_plus_gutenberg_text_before_share":"","sfsi_plus_gutenberg_show_text_before_share":"","sfsi_plus_gutenberg_icon_type":"","sfsi_plus_gutenberg_icon_alignemt":"","sfsi_plus_gutenburg_max_per_row":"","footnotes":""},"categories":[50,11],"tags":[],"class_list":["post-94772","post","type-post","status-publish","format-standard","has-post-thumbnail","hentry","category-destaque","category-politica"],"_links":{"self":[{"href":"https:\/\/www.caririemacao.com\/1\/wp-json\/wp\/v2\/posts\/94772","targetHints":{"allow":["GET"]}}],"collection":[{"href":"https:\/\/www.caririemacao.com\/1\/wp-json\/wp\/v2\/posts"}],"about":[{"href":"https:\/\/www.caririemacao.com\/1\/wp-json\/wp\/v2\/types\/post"}],"author":[{"embeddable":true,"href":"https:\/\/www.caririemacao.com\/1\/wp-json\/wp\/v2\/users\/2"}],"replies":[{"embeddable":true,"href":"https:\/\/www.caririemacao.com\/1\/wp-json\/wp\/v2\/comments?post=94772"}],"version-history":[{"count":1,"href":"https:\/\/www.caririemacao.com\/1\/wp-json\/wp\/v2\/posts\/94772\/revisions"}],"predecessor-version":[{"id":94774,"href":"https:\/\/www.caririemacao.com\/1\/wp-json\/wp\/v2\/posts\/94772\/revisions\/94774"}],"wp:featuredmedia":[{"embeddable":true,"href":"https:\/\/www.caririemacao.com\/1\/wp-json\/wp\/v2\/media\/94773"}],"wp:attachment":[{"href":"https:\/\/www.caririemacao.com\/1\/wp-json\/wp\/v2\/media?parent=94772"}],"wp:term":[{"taxonomy":"category","embeddable":true,"href":"https:\/\/www.caririemacao.com\/1\/wp-json\/wp\/v2\/categories?post=94772"},{"taxonomy":"post_tag","embeddable":true,"href":"https:\/\/www.caririemacao.com\/1\/wp-json\/wp\/v2\/tags?post=94772"}],"curies":[{"name":"wp","href":"https:\/\/api.w.org\/{rel}","templated":true}]}}